{"id":11778,"date":"2021-03-25T10:45:59","date_gmt":"2021-03-25T13:45:59","guid":{"rendered":"https:\/\/tvc16.com\/portal\/?p=11778"},"modified":"2021-03-25T10:46:02","modified_gmt":"2021-03-25T13:46:02","slug":"secretaria-de-saude-inicia-vacinacao-de-idosos-a-partir-de-70-anos-nesta-sexta-feira-26","status":"publish","type":"post","link":"https:\/\/tvc16.com\/portal\/2021\/03\/25\/secretaria-de-saude-inicia-vacinacao-de-idosos-a-partir-de-70-anos-nesta-sexta-feira-26\/","title":{"rendered":"Secretaria de Sa\u00fade inicia vacina\u00e7\u00e3o de idosos a partir de 70 anos nesta sexta-feira (26)"},"content":{"rendered":"\n<p>Cadastro ser\u00e1 aberto nesta quinta (25\/3), \u00e0s 11h<\/p>\n\n\n\n<p>Prefeitura vai abrir mais dois pontos de vacina\u00e7\u00e3o, um no centro e outro em Corr\u00eaas<\/p>\n\n\n\n<p>A Prefeitura de Petr\u00f3polis vai ampliar nesta sexta-feira (26) a vacina\u00e7\u00e3o de idosos na cidade, passando a atender tamb\u00e9m quem tem de 70 a 74 anos. O cadastramento deste p\u00fablico ser\u00e1 iniciado nesta quinta-feira (25), \u00e0s 11h, no site da Prefeitura (www.petropolis.rj.gov.br). O cadastro segue aberto tamb\u00e9m para quem tem mais de 75 anos, que j\u00e1 est\u00e1 sendo vacinado. Levando em conta a aplica\u00e7\u00e3o da primeira dose do imunizante, o n\u00famero de vacinados na cidade at\u00e9 o momento representa 6,59% da popula\u00e7\u00e3o petropolitana &#8211; percentual superior ao do Estado 4,89%.<\/p>\n\n\n\n<p>Para atender a demanda com o aumento da faixa et\u00e1rio do p\u00fablico a ser imunizado, a Secretaria de Sa\u00fade est\u00e1 aumentando de seis para oito os locais de vacina\u00e7\u00e3o, com abertura de mais um ponto de vacina\u00e7\u00e3o no Centro e outro em Corr\u00eaas.<\/p>\n\n\n\n<p>\u201cTodos os esfor\u00e7os est\u00e3o sendo feito para que possamos agilizar a vacina\u00e7\u00e3o, principalmente entre os idosos. Com amplia\u00e7\u00e3o do n\u00famero de postos de vacina\u00e7\u00e3o e a contrata\u00e7\u00e3o de equipes, vamos iniciar agora a imuniza\u00e7\u00e3o de idosos com mais de 70 anos\u201d, destaca o prefeito interino Hingo Hammes.<\/p>\n\n\n\n<p>A vacina\u00e7\u00e3o em Petr\u00f3polis segue as determina\u00e7\u00f5es do Minist\u00e9rio da Sa\u00fade. Para ser vacinado o idoso precisa estar cadastrado junto \u00e0 Secretaria de Sa\u00fade. O cadastro deve ser feito pelo site da prefeitura (www.petropolis.rj.gov.br) e \u00e9 importante estar atento \u00e0 data de agendamento da vacina\u00e7\u00e3o.<\/p>\n\n\n\n<p>\u201cEstamos ampliando a vacina\u00e7\u00e3o para pessoas com mais de 70 anos e, em paralelo, seguimos trabalhando para finalizar a fase 1 do Plano Nacional de Vacina\u00e7\u00e3o, que inclui, al\u00e9m dos idosos a partir dos 75 anos, os profissionais da \u00e1rea de sa\u00fade, idosos em institui\u00e7\u00f5es de longa perman\u00eancia e deficientes em resid\u00eancias inclusivas\u201d, afirma o secret\u00e1rio de Sa\u00fade Aloiso Barbosa da Silva Filho.<\/p>\n\n\n\n<p>No site, o interessado pode escolher um entre oito pontos de vacina\u00e7\u00e3o dispon\u00edveis. Os novos pontos que ser\u00e3o abertos na sexta-feira funcionar\u00e3o no Petropolitano Football Club (na Avenida Roberto Silveira) e na Escola Municipal Josemar Contage, em Corr\u00eaas. H\u00e1, ainda, as Unidades B\u00e1sicas de Sa\u00fade (UBSs) do Morin, Itamarati e Quitandinha, e outros tr\u00eas pontos, que atendem quem chega a p\u00e9 e tamb\u00e9m no sistema de drive thru, na UCP do Bingen, no Parque Municipal (em Itaipava) e no campus da UCP na Rua Benjamim Constant, no Centro \u2013 Em todas unidades, a vacina\u00e7\u00e3o \u00e9 feita das 9h \u00e0s 16h.<\/p>\n\n\n\n<p>Importante lembrar que pessoas que testaram positivo para a Covid-19 nos \u00faltimos 30 dias ou que estejam com sintomas n\u00e3o poder\u00e3o ser vacinadas neste momento. Por isso, devem aguardar e depois se apresentar em um dos postos de vacina\u00e7\u00e3o.<\/p>\n\n\n\n<p>Para facilitar o cadastramento de idosos que encontram dificuldades para lidar com a internet, a Secretaria de Sa\u00fade disponibilizou dois telefones para que idosos que est\u00e3o na faixa de vacina\u00e7\u00e3o possam solicitar, por telefone, o agendamento para a vacina\u00e7\u00e3o contra a Covid-19. Neste caso o idoso deve entrar em contato com a Secretaria de Sa\u00fade pelos telefones 2233-8850, 2233-8852. O atendimento est\u00e1 dispon\u00edvel de segunda a sexta-feira das 9h \u00e0s 16h.<\/p>\n","protected":false},"excerpt":{"rendered":"<p>Cadastro ser\u00e1 aberto nesta quinta (25\/3), \u00e0s 11h Prefeitura vai abrir mais dois pontos de<\/p>\n","protected":false},"author":2,"featured_media":11779,"comment_status":"open","ping_status":"open","sticky":false,"template":"","format":"standard","meta":{"footnotes":""},"categories":[12],"tags":[],"class_list":["post-11778","post","type-post","status-publish","format-standard","has-post-thumbnail","hentry","category-cidade"],"_links":{"self":[{"href":"https:\/\/tvc16.com\/portal\/wp-json\/wp\/v2\/posts\/11778","targetHints":{"allow":["GET"]}}],"collection":[{"href":"https:\/\/tvc16.com\/portal\/wp-json\/wp\/v2\/posts"}],"about":[{"href":"https:\/\/tvc16.com\/portal\/wp-json\/wp\/v2\/types\/post"}],"author":[{"embeddable":true,"href":"https:\/\/tvc16.com\/portal\/wp-json\/wp\/v2\/users\/2"}],"replies":[{"embeddable":true,"href":"https:\/\/tvc16.com\/portal\/wp-json\/wp\/v2\/comments?post=11778"}],"version-history":[{"count":1,"href":"https:\/\/tvc16.com\/portal\/wp-json\/wp\/v2\/posts\/11778\/revisions"}],"predecessor-version":[{"id":11780,"href":"https:\/\/tvc16.com\/portal\/wp-json\/wp\/v2\/posts\/11778\/revisions\/11780"}],"wp:featuredmedia":[{"embeddable":true,"href":"https:\/\/tvc16.com\/portal\/wp-json\/wp\/v2\/media\/11779"}],"wp:attachment":[{"href":"https:\/\/tvc16.com\/portal\/wp-json\/wp\/v2\/media?parent=11778"}],"wp:term":[{"taxonomy":"category","embeddable":true,"href":"https:\/\/tvc16.com\/portal\/wp-json\/wp\/v2\/categories?post=11778"},{"taxonomy":"post_tag","embeddable":true,"href":"https:\/\/tvc16.com\/portal\/wp-json\/wp\/v2\/tags?post=11778"}],"curies":[{"name":"wp","href":"https:\/\/api.w.org\/{rel}","templated":true}]}}