{"id":11782,"date":"2021-03-25T10:47:31","date_gmt":"2021-03-25T13:47:31","guid":{"rendered":"https:\/\/tvc16.com\/portal\/?p=11782"},"modified":"2021-03-25T10:47:36","modified_gmt":"2021-03-25T13:47:36","slug":"apos-nova-instrucao-dos-governos-federal-e-estadual-prefeitura-amplia-vacinacao-para-profissionais-de-saude","status":"publish","type":"post","link":"https:\/\/tvc16.com\/portal\/2021\/03\/25\/apos-nova-instrucao-dos-governos-federal-e-estadual-prefeitura-amplia-vacinacao-para-profissionais-de-saude\/","title":{"rendered":"Ap\u00f3s nova instru\u00e7\u00e3o dos governos federal e estadual, Prefeitura amplia vacina\u00e7\u00e3o para profissionais de sa\u00fade"},"content":{"rendered":"\n<p>A Prefeitura de Petr\u00f3polis est\u00e1 ampliando a vacina\u00e7\u00e3o contra a covid-19 para os profissionais da \u00e1rea de sa\u00fade que ainda n\u00e3o foram imunizados e trabalham em hospitais, cl\u00ednicas, ambulat\u00f3rios, consult\u00f3rios, unidades b\u00e1sicas de sa\u00fade, laborat\u00f3rios, farm\u00e1cias e drogarias, al\u00e9m de outros estabelecimentos de sa\u00fade. O trabalho segue determina\u00e7\u00e3o do Minist\u00e9rio da Sa\u00fade, que orientou que os munic\u00edpios atuem para alcan\u00e7ar a marca de 85% destes profissionais vacinados. Este grupo, assim como outros trabalhadores da \u00e1rea, faz parte do p\u00fablico priorit\u00e1rio elencado pelo Minist\u00e9rio da Sa\u00fade, inclu\u00eddo na primeira fase da campanha nacional de vacina\u00e7\u00e3o. Para tomar a vacina \u00e9 preciso se cadastrar no site da Prefeitura, o www.petropolis.rj.gov.br. Basta acessar o link \u201cCadastro Vacina\u00e7\u00e3o\u201d e, em seguida, a \u00e1rea destinada ao cadastro de profissionais da \u00e1rea de sa\u00fade. Este cadastro ser\u00e1 reaberto, com as altera\u00e7\u00f5es necess\u00e1rias, \u00e0s 21h desta quarta-feira.<\/p>\n\n\n\n<p>Nesta ter\u00e7a-feira (23), uma nova instru\u00e7\u00e3o normativa do Minist\u00e9rio da Sa\u00fade orientou quem deve ser vacinado neste momento: m\u00e9dicos, enfermeiros, nutricionistas, fisioterapeutas, terapeutas ocupacionais, bi\u00f3logos, biom\u00e9dicos, farmac\u00eauticos, odont\u00f3logos, fonoaudi\u00f3logos, psic\u00f3logos, instrumentadores cir\u00fargicos, t\u00e9cnicos em radiologia, assistentes sociais, t\u00e9cnicos e auxiliares de enfermagem, t\u00e9cnicos de laborat\u00f3rio, coletores laboratoriais, t\u00e9cnicos em sa\u00fade bucal, auxiliares em sa\u00fade bucal, agentes comunit\u00e1rios de sa\u00fade e agentes de combate a endemias. Profissionais de educa\u00e7\u00e3o f\u00edsica e da \u00e1rea veterin\u00e1ria tamb\u00e9m est\u00e3o na lista, mas o Minist\u00e9rio determinou que fossem vacinados neste momento apenas os que trabalham em estabelecimentos de assist\u00eancia, vigil\u00e2ncia \u00e0 sa\u00fade, regula\u00e7\u00e3o e gest\u00e3o \u00e0 sa\u00fade, ou seja, que atuam em estabelecimentos de servi\u00e7os de sa\u00fade, a exemplo de hospitais, cl\u00ednicas, ambulat\u00f3rios, unidades b\u00e1sicas de sa\u00fade, laborat\u00f3rios, farm\u00e1cias, drogarias e outros locais, determina\u00e7\u00e3o j\u00e1 cumprida pelo munic\u00edpio.<\/p>\n\n\n\n<p>Na nova orienta\u00e7\u00e3o, o minist\u00e9rio frisou que trabalhadores dos demais estabelecimentos de servi\u00e7os de interesse \u00e0 sa\u00fade, como por exemplo academias de gin\u00e1stica, clubes, sal\u00e3o de beleza, cl\u00ednica de est\u00e9tica, \u00f3ticas, est\u00fadios de tatuagem e estabelecimentos de sa\u00fade animal, neste momento, n\u00e3o devem ser inclu\u00eddos nos grupos priorit\u00e1rios elencados inicialmente para a vacina\u00e7\u00e3o.<\/p>\n\n\n\n<p>\u201cAs novas orienta\u00e7\u00f5es exigiram uma reorganiza\u00e7\u00e3o interna. Estamos buscando trabalhar com a maior transpar\u00eancia poss\u00edvel, seguindo rigorosamente as orienta\u00e7\u00f5es do Minist\u00e9rio da Sa\u00fade e da Secretaria Estadual de Sa\u00fade\u201d, explicou o secret\u00e1rio municipal de Sa\u00fade, Aloisio Barbosa, acrescentando que outros trabalhadores considerados da \u00e1rea de sa\u00fade (incluindo agentes funer\u00e1rios e coveiros, por exemplo, tamb\u00e9m fazem parte do grupo priorit\u00e1rio e est\u00e3o sendo vacinados. \u201cEstamos avan\u00e7ando na vacina\u00e7\u00e3o deste grupo ao mesmo tempo em que estamos ampliando a vacina\u00e7\u00e3o de idosos. J\u00e1 estamos contratando mais equipes e ampliando os postos de vacina\u00e7\u00e3o para iniciar a imuniza\u00e7\u00e3o de idosos na faixa et\u00e1ria de 70 a 75 anos.<\/p>\n\n\n\n<p>Aloisio Barbosa, pediu aten\u00e7\u00e3o \u00e0 popula\u00e7\u00e3o em rela\u00e7\u00e3o ao p\u00fablico a ser imunizado. \u201cEstamos seguindo rigorosamente o que determina o Minist\u00e9rio da Sa\u00fade e o Governo do Estado. J\u00e1 avan\u00e7amos mais na vacina\u00e7\u00e3o dos idosos e vamos avan\u00e7ar, agora, na vacina\u00e7\u00e3o de profissionais de sa\u00fade, conforme determina\u00e7\u00e3o do Minist\u00e9rio. \u00c9 importante que as pessoas fa\u00e7am o cadastramento pr\u00e9vio no site da Prefeitura (www.petropolis.rj.gov.br) ou pelo telefone 2233-8850 ou 2233-8852\u201d, finalizou<\/p>\n","protected":false},"excerpt":{"rendered":"<p>A Prefeitura de Petr\u00f3polis est\u00e1 ampliando a vacina\u00e7\u00e3o contra a covid-19 para os profissionais da<\/p>\n","protected":false},"author":2,"featured_media":11783,"comment_status":"open","ping_status":"open","sticky":false,"template":"","format":"standard","meta":{"footnotes":""},"categories":[12],"tags":[],"class_list":["post-11782","post","type-post","status-publish","format-standard","has-post-thumbnail","hentry","category-cidade"],"_links":{"self":[{"href":"https:\/\/tvc16.com\/portal\/wp-json\/wp\/v2\/posts\/11782","targetHints":{"allow":["GET"]}}],"collection":[{"href":"https:\/\/tvc16.com\/portal\/wp-json\/wp\/v2\/posts"}],"about":[{"href":"https:\/\/tvc16.com\/portal\/wp-json\/wp\/v2\/types\/post"}],"author":[{"embeddable":true,"href":"https:\/\/tvc16.com\/portal\/wp-json\/wp\/v2\/users\/2"}],"replies":[{"embeddable":true,"href":"https:\/\/tvc16.com\/portal\/wp-json\/wp\/v2\/comments?post=11782"}],"version-history":[{"count":1,"href":"https:\/\/tvc16.com\/portal\/wp-json\/wp\/v2\/posts\/11782\/revisions"}],"predecessor-version":[{"id":11784,"href":"https:\/\/tvc16.com\/portal\/wp-json\/wp\/v2\/posts\/11782\/revisions\/11784"}],"wp:featuredmedia":[{"embeddable":true,"href":"https:\/\/tvc16.com\/portal\/wp-json\/wp\/v2\/media\/11783"}],"wp:attachment":[{"href":"https:\/\/tvc16.com\/portal\/wp-json\/wp\/v2\/media?parent=11782"}],"wp:term":[{"taxonomy":"category","embeddable":true,"href":"https:\/\/tvc16.com\/portal\/wp-json\/wp\/v2\/categories?post=11782"},{"taxonomy":"post_tag","embeddable":true,"href":"https:\/\/tvc16.com\/portal\/wp-json\/wp\/v2\/tags?post=11782"}],"curies":[{"name":"wp","href":"https:\/\/api.w.org\/{rel}","templated":true}]}}