{"id":11785,"date":"2021-03-25T12:14:00","date_gmt":"2021-03-25T15:14:00","guid":{"rendered":"https:\/\/tvc16.com\/portal\/?p=11785"},"modified":"2021-03-25T12:14:02","modified_gmt":"2021-03-25T15:14:02","slug":"imagem-de-nossa-senhora-das-dores-e-destruida-por-vandalo","status":"publish","type":"post","link":"https:\/\/tvc16.com\/portal\/2021\/03\/25\/imagem-de-nossa-senhora-das-dores-e-destruida-por-vandalo\/","title":{"rendered":"Imagem de Nossa Senhora das Dores \u00e9 destru\u00edda por v\u00e2ndalo"},"content":{"rendered":"\n<p>Um homem destruiu nesta quarta-feira (24), uma imagem de Nossa Senhora das Dores, na Igreja S\u00e3o Judas Tadeu, na Mosela. O v\u00e2ndalo invadiu o templo e foi flagrado pelas c\u00e2meras de seguran\u00e7a do local. O acusado j\u00e1 foi identificado pela pol\u00edcia e disse \u00e0s autoridades que \u201cpor conta da sua<br>religi\u00e3o n\u00e3o gosta de imagens\u201d.<\/p>\n\n\n\n<figure class=\"wp-block-image size-large\"><img loading=\"lazy\" decoding=\"async\" width=\"423\" height=\"531\" src=\"https:\/\/tvc16.com\/portal\/wp-content\/uploads\/2021\/03\/WhatsApp-Image-2021-03-25-at-12.07.13-2.jpeg\" alt=\"\" class=\"wp-image-11788\" srcset=\"https:\/\/tvc16.com\/portal\/wp-content\/uploads\/2021\/03\/WhatsApp-Image-2021-03-25-at-12.07.13-2.jpeg 423w, https:\/\/tvc16.com\/portal\/wp-content\/uploads\/2021\/03\/WhatsApp-Image-2021-03-25-at-12.07.13-2-239x300.jpeg 239w\" sizes=\"auto, (max-width: 423px) 100vw, 423px\" \/><\/figure>\n\n\n\n<p>O caso foi registrado na 105\u00aa Delegacia de Pol\u00edcia (DP), que recebeu as imagens das c\u00e2meras de v\u00eddeo do interior da igreja, o que possibilitou a identifica\u00e7\u00e3o do homem, que estava embriagado. <\/p>\n\n\n\n<figure class=\"wp-block-image size-large\"><img loading=\"lazy\" decoding=\"async\" width=\"682\" height=\"1024\" src=\"https:\/\/tvc16.com\/portal\/wp-content\/uploads\/2021\/03\/WhatsApp-Image-2021-03-25-at-12.07.13-1-682x1024.jpeg\" alt=\"\" class=\"wp-image-11790\" srcset=\"https:\/\/tvc16.com\/portal\/wp-content\/uploads\/2021\/03\/WhatsApp-Image-2021-03-25-at-12.07.13-1-682x1024.jpeg 682w, https:\/\/tvc16.com\/portal\/wp-content\/uploads\/2021\/03\/WhatsApp-Image-2021-03-25-at-12.07.13-1-200x300.jpeg 200w, https:\/\/tvc16.com\/portal\/wp-content\/uploads\/2021\/03\/WhatsApp-Image-2021-03-25-at-12.07.13-1-768x1152.jpeg 768w, https:\/\/tvc16.com\/portal\/wp-content\/uploads\/2021\/03\/WhatsApp-Image-2021-03-25-at-12.07.13-1.jpeg 853w\" sizes=\"auto, (max-width: 682px) 100vw, 682px\" \/><\/figure>\n\n\n\n<p>Vale ressaltar, que est\u00e1 n\u00e3o \u00e9 a primeira vez que a Igreja<br>S\u00e3o Judas Tadeu \u00e9 vandalizada. Apenas esta semana outras igrejas tamb\u00e9m foram alvo de a\u00e7\u00f5es similares e at\u00e9 de furtos.<br><\/p>\n","protected":false},"excerpt":{"rendered":"<p>Um homem destruiu nesta quarta-feira (24), uma imagem de Nossa Senhora das Dores, na Igreja<\/p>\n","protected":false},"author":2,"featured_media":11791,"comment_status":"open","ping_status":"open","sticky":false,"template":"","format":"standard","meta":{"footnotes":""},"categories":[12],"tags":[],"class_list":["post-11785","post","type-post","status-publish","format-standard","has-post-thumbnail","hentry","category-cidade"],"_links":{"self":[{"href":"https:\/\/tvc16.com\/portal\/wp-json\/wp\/v2\/posts\/11785","targetHints":{"allow":["GET"]}}],"collection":[{"href":"https:\/\/tvc16.com\/portal\/wp-json\/wp\/v2\/posts"}],"about":[{"href":"https:\/\/tvc16.com\/portal\/wp-json\/wp\/v2\/types\/post"}],"author":[{"embeddable":true,"href":"https:\/\/tvc16.com\/portal\/wp-json\/wp\/v2\/users\/2"}],"replies":[{"embeddable":true,"href":"https:\/\/tvc16.com\/portal\/wp-json\/wp\/v2\/comments?post=11785"}],"version-history":[{"count":1,"href":"https:\/\/tvc16.com\/portal\/wp-json\/wp\/v2\/posts\/11785\/revisions"}],"predecessor-version":[{"id":11792,"href":"https:\/\/tvc16.com\/portal\/wp-json\/wp\/v2\/posts\/11785\/revisions\/11792"}],"wp:featuredmedia":[{"embeddable":true,"href":"https:\/\/tvc16.com\/portal\/wp-json\/wp\/v2\/media\/11791"}],"wp:attachment":[{"href":"https:\/\/tvc16.com\/portal\/wp-json\/wp\/v2\/media?parent=11785"}],"wp:term":[{"taxonomy":"category","embeddable":true,"href":"https:\/\/tvc16.com\/portal\/wp-json\/wp\/v2\/categories?post=11785"},{"taxonomy":"post_tag","embeddable":true,"href":"https:\/\/tvc16.com\/portal\/wp-json\/wp\/v2\/tags?post=11785"}],"curies":[{"name":"wp","href":"https:\/\/api.w.org\/{rel}","templated":true}]}}