{"id":11793,"date":"2021-03-25T12:18:59","date_gmt":"2021-03-25T15:18:59","guid":{"rendered":"https:\/\/tvc16.com\/portal\/?p=11793"},"modified":"2021-03-25T12:19:01","modified_gmt":"2021-03-25T15:19:01","slug":"depen-suspende-visitas-presenciais-em-penitenciarias-federais","status":"publish","type":"post","link":"https:\/\/tvc16.com\/portal\/2021\/03\/25\/depen-suspende-visitas-presenciais-em-penitenciarias-federais\/","title":{"rendered":"Depen suspende visitas presenciais em penitenci\u00e1rias federais"},"content":{"rendered":"\n<h3 class=\"wp-block-heading\">Portaria publicada no DOU mant\u00e9m visita de advogados<\/h3>\n\n\n\n<h3 class=\"wp-block-heading\">Por Pedro Peduzzi &#8211; Rep\u00f3rter da Ag\u00eancia Brasil &#8211; Bras\u00edlia<\/h3>\n\n\n\n<p>O Departamento Penitenci\u00e1rio Nacional (Depen) suspendeu as visitas presenciais a presos custodiados nas penitenci\u00e1rias federais. A portaria com a decis\u00e3o foi publicada hoje (25) no&nbsp;<a href=\"https:\/\/www.in.gov.br\/en\/web\/dou\/-\/portaria-dispf\/depen\/mjsp-n-2-de-24-de-marco-de-2021-310351586\" target=\"_blank\" rel=\"noreferrer noopener\">Di\u00e1rio Oficial da Uni\u00e3o<\/a>. A portaria suspende tamb\u00e9m atividades presenciais de educa\u00e7\u00e3o, trabalho e de assist\u00eancia religiosa.<img decoding=\"async\" src=\"https:\/\/agenciabrasil.ebc.com.br\/ebc.png?id=1405007&amp;o=node\"><img decoding=\"async\" src=\"https:\/\/agenciabrasil.ebc.com.br\/ebc.gif?id=1405007&amp;o=node\"><\/p>\n\n\n\n<p>Est\u00e3o mantidas apenas as visitas virtuais feitas pela Defensoria P\u00fablica da Uni\u00e3o, al\u00e9m de visitas presenciais de advogados.<\/p>\n\n\n\n<p>A medida foi adotada ap\u00f3s a reclassifica\u00e7\u00e3o de fases e a implementa\u00e7\u00e3o de medidas de restri\u00e7\u00e3o para combate \u00e0 pandemia de covid-19, levando em conta a necessidade de emprego urgente de medidas de preven\u00e7\u00e3o e controle de riscos, danos e agravos \u00e0 sa\u00fade de presos, servidores, prestadores de servi\u00e7os, colaboradores e autoridades.<\/p>\n\n\n\n<p>No caso das visitas presenciais de advogados, os atendimentos ficar\u00e3o limitados a quatro agendamentos por dia, com dura\u00e7\u00e3o de 30 minutos, sem preju\u00edzo dos casos urgentes.&nbsp;Caber\u00e1 \u00e0s penitenci\u00e1rias manterem os procedimentos operacionais de controle e preven\u00e7\u00e3o \u00e0 pandemia, refor\u00e7ando a frequ\u00eancia de higieniza\u00e7\u00e3o dos locais destinados a esses atendimentos e visitas.<\/p>\n\n\n\n<p>Edi\u00e7\u00e3o: Denise Griesinger<\/p>\n","protected":false},"excerpt":{"rendered":"<p>Portaria publicada no DOU mant\u00e9m visita de advogados Por Pedro Peduzzi &#8211; Rep\u00f3rter da Ag\u00eancia<\/p>\n","protected":false},"author":2,"featured_media":11794,"comment_status":"open","ping_status":"open","sticky":false,"template":"","format":"standard","meta":{"footnotes":""},"categories":[17],"tags":[],"class_list":["post-11793","post","type-post","status-publish","format-standard","has-post-thumbnail","hentry","category-outras-noticias"],"_links":{"self":[{"href":"https:\/\/tvc16.com\/portal\/wp-json\/wp\/v2\/posts\/11793","targetHints":{"allow":["GET"]}}],"collection":[{"href":"https:\/\/tvc16.com\/portal\/wp-json\/wp\/v2\/posts"}],"about":[{"href":"https:\/\/tvc16.com\/portal\/wp-json\/wp\/v2\/types\/post"}],"author":[{"embeddable":true,"href":"https:\/\/tvc16.com\/portal\/wp-json\/wp\/v2\/users\/2"}],"replies":[{"embeddable":true,"href":"https:\/\/tvc16.com\/portal\/wp-json\/wp\/v2\/comments?post=11793"}],"version-history":[{"count":1,"href":"https:\/\/tvc16.com\/portal\/wp-json\/wp\/v2\/posts\/11793\/revisions"}],"predecessor-version":[{"id":11795,"href":"https:\/\/tvc16.com\/portal\/wp-json\/wp\/v2\/posts\/11793\/revisions\/11795"}],"wp:featuredmedia":[{"embeddable":true,"href":"https:\/\/tvc16.com\/portal\/wp-json\/wp\/v2\/media\/11794"}],"wp:attachment":[{"href":"https:\/\/tvc16.com\/portal\/wp-json\/wp\/v2\/media?parent=11793"}],"wp:term":[{"taxonomy":"category","embeddable":true,"href":"https:\/\/tvc16.com\/portal\/wp-json\/wp\/v2\/categories?post=11793"},{"taxonomy":"post_tag","embeddable":true,"href":"https:\/\/tvc16.com\/portal\/wp-json\/wp\/v2\/tags?post=11793"}],"curies":[{"name":"wp","href":"https:\/\/api.w.org\/{rel}","templated":true}]}}