{"id":11796,"date":"2021-03-25T12:20:19","date_gmt":"2021-03-25T15:20:19","guid":{"rendered":"https:\/\/tvc16.com\/portal\/?p=11796"},"modified":"2021-03-25T12:20:21","modified_gmt":"2021-03-25T15:20:21","slug":"operacao-da-pf-investiga-trafico-de-drogas-em-avioes-da-fab","status":"publish","type":"post","link":"https:\/\/tvc16.com\/portal\/2021\/03\/25\/operacao-da-pf-investiga-trafico-de-drogas-em-avioes-da-fab\/","title":{"rendered":"Opera\u00e7\u00e3o da PF investiga tr\u00e1fico de drogas em avi\u00f5es da FAB"},"content":{"rendered":"\n<h3 class=\"wp-block-heading\">A\u00e7\u00e3o faz parte de nova etapa da Opera\u00e7\u00e3o Quinta Coluna<\/h3>\n\n\n\n<h4 class=\"wp-block-heading\">Por Karine Melo &#8211; Rep\u00f3rter da Ag\u00eancia Brasil &#8211; Bras\u00edlia<\/h4>\n\n\n\n<p>Policiais federais cumprem, nesta quinta-feira (25), tr\u00eas mandados de busca e apreens\u00e3o relacionados \u00e0 Opera\u00e7\u00e3o Quinta Coluna. A a\u00e7\u00e3o investiga a atua\u00e7\u00e3o de uma associa\u00e7\u00e3o criminosa que utilizou aeronaves da For\u00e7a A\u00e9rea Brasileira (FAB) para mandar drogas para a Espanha.&nbsp;<img decoding=\"async\" src=\"https:\/\/agenciabrasil.ebc.com.br\/ebc.png?id=1405005&amp;o=node\"><img decoding=\"async\" src=\"https:\/\/agenciabrasil.ebc.com.br\/ebc.gif?id=1405005&amp;o=node\"><\/p>\n\n\n\n<p>\u201cAs medidas buscam robustecer as provas que ligam militar da FAB, que seria o respons\u00e1vel pelo recrutamento de &#8216;mulas&#8217;, com pessoas relacionadas ao tr\u00e1fico il\u00edcito de entorpecentes\u201d, adiantou a PF em nota.&nbsp;<\/p>\n\n\n\n<p>Os mandados de busca, expedidos pela 12\u00aa Vara Federal da Se\u00e7\u00e3o Judici\u00e1ria do Distrito Federal, s\u00e3o cumpridos em \u00e1reas nobres da capital federal, como Lago Sul e Asa Norte, e tamb\u00e9m em \u00c1guas Claras, regi\u00e3o administrativa a 23 km do centro de Bras\u00edlia.<\/p>\n\n\n\n<h2 class=\"wp-block-heading\">Hist\u00f3rico<\/h2>\n\n\n\n<p>No in\u00edcio de fevereiro deste ano, a PF, em outra etapa dessa mesma opera\u00e7\u00e3o, cumpriu 15 mandados de busca e apreens\u00e3o, al\u00e9m de dois outros mandados que restringiram a comunica\u00e7\u00e3o dos investigados e a sa\u00edda do Distrito Federal.<\/p>\n\n\n\n<p>Na ocasi\u00e3o foi determinado, pela Justi\u00e7a Federal do Distrito Federal, o sequestro de im\u00f3veis e de ve\u00edculos dos envolvidos no esquema criminoso.&nbsp;De acordo com a PF, as&nbsp;<a href=\"https:\/\/agenciabrasil.ebc.com.br\/geral\/noticia\/2021-02\/pf-investiga-uso-de-aeronaves-da-fab-para-trafico-de-drogas\" target=\"_blank\" rel=\"noreferrer noopener\">investiga\u00e7\u00f5es abrangem tamb\u00e9m a \u201clavagem de ativos\u201d<\/a>&nbsp;que teriam sido obtidos por meio dessa pr\u00e1tica criminosa.<\/p>\n\n\n\n<p>Em junho de 2019, o Comando da Aeron\u00e1utica instaurou um inqu\u00e9rito policial militar (IPM) para apurar as circunst\u00e2ncias de pris\u00e3o de um militar brasileiro no aeroporto de Sevilha, por suposto envolvimento no transporte de drogas em avi\u00e3o militar.<\/p>\n\n\n\n<p>&#8220;Conclu\u00eddo dentro do prazo, os autos foram encaminhados para a Auditoria Militar competente, que enviou para o Minist\u00e9rio P\u00fablico Militar, a quem coube oferecer a den\u00fancia, estando a a\u00e7\u00e3o penal em curso, conforme determina o C\u00f3digo Processo Penal Militar\u201d, informou a FAB por meio de seu Centro de Comunica\u00e7\u00e3o Social no m\u00eas passado.<\/p>\n\n\n\n<p>Edi\u00e7\u00e3o: L\u00edlian Beraldo<\/p>\n","protected":false},"excerpt":{"rendered":"<p>A\u00e7\u00e3o faz parte de nova etapa da Opera\u00e7\u00e3o Quinta Coluna Por Karine Melo &#8211; Rep\u00f3rter<\/p>\n","protected":false},"author":2,"featured_media":11797,"comment_status":"open","ping_status":"open","sticky":false,"template":"","format":"standard","meta":{"footnotes":""},"categories":[17],"tags":[],"class_list":["post-11796","post","type-post","status-publish","format-standard","has-post-thumbnail","hentry","category-outras-noticias"],"_links":{"self":[{"href":"https:\/\/tvc16.com\/portal\/wp-json\/wp\/v2\/posts\/11796","targetHints":{"allow":["GET"]}}],"collection":[{"href":"https:\/\/tvc16.com\/portal\/wp-json\/wp\/v2\/posts"}],"about":[{"href":"https:\/\/tvc16.com\/portal\/wp-json\/wp\/v2\/types\/post"}],"author":[{"embeddable":true,"href":"https:\/\/tvc16.com\/portal\/wp-json\/wp\/v2\/users\/2"}],"replies":[{"embeddable":true,"href":"https:\/\/tvc16.com\/portal\/wp-json\/wp\/v2\/comments?post=11796"}],"version-history":[{"count":1,"href":"https:\/\/tvc16.com\/portal\/wp-json\/wp\/v2\/posts\/11796\/revisions"}],"predecessor-version":[{"id":11798,"href":"https:\/\/tvc16.com\/portal\/wp-json\/wp\/v2\/posts\/11796\/revisions\/11798"}],"wp:featuredmedia":[{"embeddable":true,"href":"https:\/\/tvc16.com\/portal\/wp-json\/wp\/v2\/media\/11797"}],"wp:attachment":[{"href":"https:\/\/tvc16.com\/portal\/wp-json\/wp\/v2\/media?parent=11796"}],"wp:term":[{"taxonomy":"category","embeddable":true,"href":"https:\/\/tvc16.com\/portal\/wp-json\/wp\/v2\/categories?post=11796"},{"taxonomy":"post_tag","embeddable":true,"href":"https:\/\/tvc16.com\/portal\/wp-json\/wp\/v2\/tags?post=11796"}],"curies":[{"name":"wp","href":"https:\/\/api.w.org\/{rel}","templated":true}]}}