{"id":11799,"date":"2021-03-25T12:21:13","date_gmt":"2021-03-25T15:21:13","guid":{"rendered":"https:\/\/tvc16.com\/portal\/?p=11799"},"modified":"2021-03-25T12:21:15","modified_gmt":"2021-03-25T15:21:15","slug":"procura-das-empresas-por-credito-cresce-127-em-fevereiro","status":"publish","type":"post","link":"https:\/\/tvc16.com\/portal\/2021\/03\/25\/procura-das-empresas-por-credito-cresce-127-em-fevereiro\/","title":{"rendered":"Procura das empresas por cr\u00e9dito cresce 12,7% em fevereiro"},"content":{"rendered":"\n<h3 class=\"wp-block-heading\">Destaque para o com\u00e9rcio, com uma alta de 15,5%<\/h3>\n\n\n\n<h3 class=\"wp-block-heading\">Por Daniel Mello &#8211; Rep\u00f3rter da Ag\u00eancia Brasil &#8211; S\u00e3o Paulo<\/h3>\n\n\n\n<p>As solicita\u00e7\u00f5es de cr\u00e9dito feitas por empresas cresceram 12,7% em fevereiro na compara\u00e7\u00e3o com o mesmo m\u00eas de 2020, segundo levantamento divulgado&nbsp;hoje&nbsp;(25) pela Serasa Experian. O com\u00e9rcio foi o setor que mais buscou empr\u00e9stimos, com uma alta de 15,5% na busca por recursos.<img decoding=\"async\" src=\"https:\/\/agenciabrasil.ebc.com.br\/ebc.png?id=1405009&amp;o=node\"><img decoding=\"async\" src=\"https:\/\/agenciabrasil.ebc.com.br\/ebc.gif?id=1405009&amp;o=node\"><\/p>\n\n\n\n<p>As empresas est\u00e3o tomando cr\u00e9dito para manter o funcionamento dos neg\u00f3cios durante a crise gerada pela pandemia de covid-19, explica o economista da Serasa, Luiz Rabi. \u201cA tomada de cr\u00e9dito com finalidade de manter o neg\u00f3cio produzindo ou vendendo contribuiu com a alta em todos os segmentos\u201d, enfatiza.<\/p>\n\n\n\n<p>Por isso, a alta \u00e9 maior no com\u00e9rcio, setor mais afetado pelas medidas de isolamento social. \u201cO destaque de crescimento para o com\u00e9rcio pode ser atribu\u00eddo ao fato de que essa \u00e1rea, junto a de servi\u00e7os, foi uma das mais afetadas financeiramente desde que a pandemia se instalou no pa\u00eds\u201d, acrescenta o economista.<\/p>\n\n\n\n<p>O crescimento da procura por cr\u00e9dito foi maior na Regi\u00e3o Nordeste (14,3%), seguida pela Sul (13,5%), Sudeste (12,6%), Centro-Oeste (10,9%) e Norte (9,9%).<\/p>\n\n\n\n<p>Edi\u00e7\u00e3o: L\u00edlian Beraldo<\/p>\n","protected":false},"excerpt":{"rendered":"<p>Destaque para o com\u00e9rcio, com uma alta de 15,5% Por Daniel Mello &#8211; Rep\u00f3rter da<\/p>\n","protected":false},"author":2,"featured_media":11800,"comment_status":"open","ping_status":"open","sticky":false,"template":"","format":"standard","meta":{"footnotes":""},"categories":[17],"tags":[],"class_list":["post-11799","post","type-post","status-publish","format-standard","has-post-thumbnail","hentry","category-outras-noticias"],"_links":{"self":[{"href":"https:\/\/tvc16.com\/portal\/wp-json\/wp\/v2\/posts\/11799","targetHints":{"allow":["GET"]}}],"collection":[{"href":"https:\/\/tvc16.com\/portal\/wp-json\/wp\/v2\/posts"}],"about":[{"href":"https:\/\/tvc16.com\/portal\/wp-json\/wp\/v2\/types\/post"}],"author":[{"embeddable":true,"href":"https:\/\/tvc16.com\/portal\/wp-json\/wp\/v2\/users\/2"}],"replies":[{"embeddable":true,"href":"https:\/\/tvc16.com\/portal\/wp-json\/wp\/v2\/comments?post=11799"}],"version-history":[{"count":1,"href":"https:\/\/tvc16.com\/portal\/wp-json\/wp\/v2\/posts\/11799\/revisions"}],"predecessor-version":[{"id":11801,"href":"https:\/\/tvc16.com\/portal\/wp-json\/wp\/v2\/posts\/11799\/revisions\/11801"}],"wp:featuredmedia":[{"embeddable":true,"href":"https:\/\/tvc16.com\/portal\/wp-json\/wp\/v2\/media\/11800"}],"wp:attachment":[{"href":"https:\/\/tvc16.com\/portal\/wp-json\/wp\/v2\/media?parent=11799"}],"wp:term":[{"taxonomy":"category","embeddable":true,"href":"https:\/\/tvc16.com\/portal\/wp-json\/wp\/v2\/categories?post=11799"},{"taxonomy":"post_tag","embeddable":true,"href":"https:\/\/tvc16.com\/portal\/wp-json\/wp\/v2\/tags?post=11799"}],"curies":[{"name":"wp","href":"https:\/\/api.w.org\/{rel}","templated":true}]}}