{"id":11802,"date":"2021-03-25T12:22:05","date_gmt":"2021-03-25T15:22:05","guid":{"rendered":"https:\/\/tvc16.com\/portal\/?p=11802"},"modified":"2021-03-25T12:22:07","modified_gmt":"2021-03-25T15:22:07","slug":"previa-da-inflacao-oficial-fica-em-093-em-marco-diz-ibge","status":"publish","type":"post","link":"https:\/\/tvc16.com\/portal\/2021\/03\/25\/previa-da-inflacao-oficial-fica-em-093-em-marco-diz-ibge\/","title":{"rendered":"Pr\u00e9via da infla\u00e7\u00e3o oficial fica em 0,93% em mar\u00e7o, diz IBGE"},"content":{"rendered":"\n<h3 class=\"wp-block-heading\">Essa \u00e9 a maior varia\u00e7\u00e3o de pre\u00e7os para um m\u00eas de mar\u00e7o desde 2015<\/h3>\n\n\n\n<h3 class=\"wp-block-heading\">Por Vitor Abdala &#8211; Rep\u00f3rter da Ag\u00eancia Brasil &#8211; Rio de Janeiro<\/h3>\n\n\n\n<p>O \u00cdndice Nacional de Pre\u00e7os ao Consumidor Amplo 15 (IPCA-15), que mede a pr\u00e9via da infla\u00e7\u00e3o oficial, registrou taxa de 0,93% em mar\u00e7o deste ano, acima do 0,48% de fevereiro deste ano e do 0,02% de mar\u00e7o de 2020. Essa \u00e9 a maior varia\u00e7\u00e3o de pre\u00e7os para um m\u00eas de mar\u00e7o desde 2015 (1,24%), de acordo com dados divulgados hoje (25) pelo Instituto Brasileiro de Geografia e Estat\u00edstica (IBGE).<img decoding=\"async\" src=\"https:\/\/agenciabrasil.ebc.com.br\/ebc.png?id=1405001&amp;o=node\"><img decoding=\"async\" src=\"https:\/\/agenciabrasil.ebc.com.br\/ebc.gif?id=1405001&amp;o=node\"><\/p>\n\n\n\n<p>Com o resultado, o IPCA-15 acumula taxas de infla\u00e7\u00e3o de 2,21% no trimestre. A taxa trimestral, tamb\u00e9m conhecida como IPCA-E \u00e9 a maior para um primeiro trimestre desde 2016 (2,79%). No acumulado de 12 meses, o IPCA-15 registra infla\u00e7\u00e3o de 5,52%.<\/p>\n\n\n\n<p>Na pr\u00e9via de mar\u00e7o deste ano, a infla\u00e7\u00e3o foi puxada pelos transportes, que registraram taxa de 3,79%. O comportamento dos pre\u00e7os deste grupo de despesas pode ser explicado pelas altas dos combust\u00edveis (11,63%). S\u00f3 a gasolina subiu 11,18%, mas tamb\u00e9m houve varia\u00e7\u00f5es de pre\u00e7os do etanol (16,38%), \u00f3leo diesel (10,66%) e g\u00e1s veicular (0,39%).<\/p>\n\n\n\n<p>Outros itens de transportes com alta de pre\u00e7os foram autom\u00f3veis novos (0,99%), autom\u00f3veis usados (0,30%), seguro volunt\u00e1rio de ve\u00edculo (2,57%), \u00f4nibus urbano (0,42%) e trem (1,61%).<\/p>\n\n\n\n<p>A alta de pre\u00e7os de 0,71% do grupo de despesas habita\u00e7\u00e3o tamb\u00e9m teve impacto importante no IPCA-15 de mar\u00e7o. A infla\u00e7\u00e3o no grupo foi puxada principalmente pelo g\u00e1s de botij\u00e3o (4,60%), g\u00e1s encanado (2,52%) e taxa de \u00e1gua e esgoto (0,68%).<\/p>\n\n\n\n<p>Os alimentos tiveram infla\u00e7\u00e3o de 0,12%, mas a taxa \u00e9 inferior \u00e0 registrada nas pr\u00e9vias de fevereiro (0,56%) e de janeiro (1,53%).<\/p>\n\n\n\n<p>Apenas o grupo educa\u00e7\u00e3o registrou defla\u00e7\u00e3o (queda de pre\u00e7os), com uma taxa de -0,51% na pr\u00e9via de mar\u00e7o. Os demais grupos tiveram as seguintes taxas de infla\u00e7\u00e3o: artigos de resid\u00eancia (0,55%), sa\u00fade e cuidados pessoais (0,24%), despesas pessoais (0,10%), vestu\u00e1rio (0,03%) e comunica\u00e7\u00e3o (0,02%).<\/p>\n\n\n\n<p>Edi\u00e7\u00e3o: Val\u00e9ria Aguiar<\/p>\n","protected":false},"excerpt":{"rendered":"<p>Essa \u00e9 a maior varia\u00e7\u00e3o de pre\u00e7os para um m\u00eas de mar\u00e7o desde 2015 Por<\/p>\n","protected":false},"author":2,"featured_media":11803,"comment_status":"open","ping_status":"open","sticky":false,"template":"","format":"standard","meta":{"footnotes":""},"categories":[17],"tags":[],"class_list":["post-11802","post","type-post","status-publish","format-standard","has-post-thumbnail","hentry","category-outras-noticias"],"_links":{"self":[{"href":"https:\/\/tvc16.com\/portal\/wp-json\/wp\/v2\/posts\/11802","targetHints":{"allow":["GET"]}}],"collection":[{"href":"https:\/\/tvc16.com\/portal\/wp-json\/wp\/v2\/posts"}],"about":[{"href":"https:\/\/tvc16.com\/portal\/wp-json\/wp\/v2\/types\/post"}],"author":[{"embeddable":true,"href":"https:\/\/tvc16.com\/portal\/wp-json\/wp\/v2\/users\/2"}],"replies":[{"embeddable":true,"href":"https:\/\/tvc16.com\/portal\/wp-json\/wp\/v2\/comments?post=11802"}],"version-history":[{"count":1,"href":"https:\/\/tvc16.com\/portal\/wp-json\/wp\/v2\/posts\/11802\/revisions"}],"predecessor-version":[{"id":11804,"href":"https:\/\/tvc16.com\/portal\/wp-json\/wp\/v2\/posts\/11802\/revisions\/11804"}],"wp:featuredmedia":[{"embeddable":true,"href":"https:\/\/tvc16.com\/portal\/wp-json\/wp\/v2\/media\/11803"}],"wp:attachment":[{"href":"https:\/\/tvc16.com\/portal\/wp-json\/wp\/v2\/media?parent=11802"}],"wp:term":[{"taxonomy":"category","embeddable":true,"href":"https:\/\/tvc16.com\/portal\/wp-json\/wp\/v2\/categories?post=11802"},{"taxonomy":"post_tag","embeddable":true,"href":"https:\/\/tvc16.com\/portal\/wp-json\/wp\/v2\/tags?post=11802"}],"curies":[{"name":"wp","href":"https:\/\/api.w.org\/{rel}","templated":true}]}}