{"id":11805,"date":"2021-03-25T12:23:00","date_gmt":"2021-03-25T15:23:00","guid":{"rendered":"https:\/\/tvc16.com\/portal\/?p=11805"},"modified":"2021-03-25T12:23:02","modified_gmt":"2021-03-25T15:23:02","slug":"pandemia-assola-leste-europeu-e-deixa-hospitais-em-apuros","status":"publish","type":"post","link":"https:\/\/tvc16.com\/portal\/2021\/03\/25\/pandemia-assola-leste-europeu-e-deixa-hospitais-em-apuros\/","title":{"rendered":"Pandemia assola Leste Europeu e deixa hospitais em apuros"},"content":{"rendered":"\n<h3 class=\"wp-block-heading\">Hungria \u00e9 foco da pandemia na Europa Central<\/h3>\n\n\n\n<h3 class=\"wp-block-heading\">Por Krisztina Than e Jan Lopatka &#8211; Rep\u00f3rteres da Reuters &#8211; Budapeste e Praga<\/h3>\n\n\n\n<p>Os hospitais da Hungria est\u00e3o sofrendo uma press\u00e3o &#8220;extraordin\u00e1ria&#8221; pelas&nbsp;crescentes infec\u00e7\u00f5es do novo&nbsp;coronav\u00edrus, j\u00e1 que o pa\u00eds se tornou um foco da terceira onda da&nbsp;pandemia que atinge a Europa Central com dureza excepcional.<img decoding=\"async\" src=\"https:\/\/agenciabrasil.ebc.com.br\/ebc.png?id=1405000&amp;o=node\"><img decoding=\"async\" src=\"https:\/\/agenciabrasil.ebc.com.br\/ebc.gif?id=1405000&amp;o=node\"><\/p>\n\n\n\n<p>Como a maior parte da regi\u00e3o, a Hungria conseguiu conter as infec\u00e7\u00f5es durante a fase inicial da pandemia, em mar\u00e7o e abril do ano passado, com medidas de&nbsp;<em>lockdown<\/em>&nbsp;r\u00e1pidas e r\u00edgidas.<\/p>\n\n\n\n<p>Mas uma nova onda de infec\u00e7\u00f5es, que atinge&nbsp;a regi\u00e3o em 2021, fez a Hungria superar a Rep\u00fablica Tcheca nesta semana como o pa\u00eds com maior n\u00famero di\u00e1rio de mortes de covid-19 no mundo, de acordo com n\u00fameros&nbsp;da entidade Our World in Data.<\/p>\n\n\n\n<p>Especialistas atribuem o fen\u00f4meno \u00e0 dissemina\u00e7\u00e3o da variante&nbsp;mais contagiosa do v\u00edrus, encontrado primeiramente no Reino Unido, que responde pela maioria dos casos relatados agora e infecta fam\u00edlias inteiras.<\/p>\n\n\n\n<p>A regi\u00e3o tamb\u00e9m abriga muitas f\u00e1bricas grandes, onde o trabalho remoto n\u00e3o \u00e9 poss\u00edvel e, desta vez, governos relutam em impor um lockdown rapidamente, temendo mais um choque em suas economias na esteira da recess\u00e3o do ano passado.<\/p>\n\n\n\n<p>Embora as infec\u00e7\u00f5es novas na Rep\u00fablica Tcheca e na Eslov\u00e1quia comecem a declinar, a Pol\u00f4nia relatou um n\u00famero recorde de casos novos que ficou pouco abaixo de 30 mil, e o governo cogita enviar pacientes para regi\u00f5es diferentes, a fim de ajudar os hospitais a lidarem com o grande n\u00famero de pacientes.<\/p>\n\n\n\n<p>Depois que as hospitaliza\u00e7\u00f5es atingiram um n\u00edvel cr\u00edtico, a Rep\u00fablica Tcheca adotou&nbsp;<em>lockdown&nbsp;<\/em>mais severo no dia 1\u00ba de mar\u00e7o e implantou exames de forma abrangente nos locais de trabalho &#8211; e, desde ent\u00e3o, viu alguma melhora no n\u00famero de casos.<\/p>\n\n\n\n<p>O primeiro-ministro tcheco, Andrej Babis, admitiu erros depois que o governo foi criticado por demorar a aplicar restri\u00e7\u00f5es no outono, quando os n\u00fameros dispararam.<\/p>\n\n\n\n<p>Pa\u00eds com popula\u00e7\u00e3o de quase 10 milh\u00f5es de habitantes, a Hungria acumula um total de 18.952 mortes pela covid-19.&nbsp;Seu premi\u00ea, Viktor Orb\u00e1n, est\u00e1 debatendo com empresas as op\u00e7\u00f5es para uma reabertura cautelosa de lojas, apesar de os casos estarem aumentando.<\/p>\n\n\n\n<p>O governo decidir\u00e1 as medidas para a P\u00e1scoa em breve. Todas as escolas est\u00e3o com ensino remoto at\u00e9 7 de abril.<\/p>\n","protected":false},"excerpt":{"rendered":"<p>Hungria \u00e9 foco da pandemia na Europa Central Por Krisztina Than e Jan Lopatka &#8211;<\/p>\n","protected":false},"author":2,"featured_media":11806,"comment_status":"open","ping_status":"open","sticky":false,"template":"","format":"standard","meta":{"footnotes":""},"categories":[17],"tags":[],"class_list":["post-11805","post","type-post","status-publish","format-standard","has-post-thumbnail","hentry","category-outras-noticias"],"_links":{"self":[{"href":"https:\/\/tvc16.com\/portal\/wp-json\/wp\/v2\/posts\/11805","targetHints":{"allow":["GET"]}}],"collection":[{"href":"https:\/\/tvc16.com\/portal\/wp-json\/wp\/v2\/posts"}],"about":[{"href":"https:\/\/tvc16.com\/portal\/wp-json\/wp\/v2\/types\/post"}],"author":[{"embeddable":true,"href":"https:\/\/tvc16.com\/portal\/wp-json\/wp\/v2\/users\/2"}],"replies":[{"embeddable":true,"href":"https:\/\/tvc16.com\/portal\/wp-json\/wp\/v2\/comments?post=11805"}],"version-history":[{"count":1,"href":"https:\/\/tvc16.com\/portal\/wp-json\/wp\/v2\/posts\/11805\/revisions"}],"predecessor-version":[{"id":11807,"href":"https:\/\/tvc16.com\/portal\/wp-json\/wp\/v2\/posts\/11805\/revisions\/11807"}],"wp:featuredmedia":[{"embeddable":true,"href":"https:\/\/tvc16.com\/portal\/wp-json\/wp\/v2\/media\/11806"}],"wp:attachment":[{"href":"https:\/\/tvc16.com\/portal\/wp-json\/wp\/v2\/media?parent=11805"}],"wp:term":[{"taxonomy":"category","embeddable":true,"href":"https:\/\/tvc16.com\/portal\/wp-json\/wp\/v2\/categories?post=11805"},{"taxonomy":"post_tag","embeddable":true,"href":"https:\/\/tvc16.com\/portal\/wp-json\/wp\/v2\/tags?post=11805"}],"curies":[{"name":"wp","href":"https:\/\/api.w.org\/{rel}","templated":true}]}}