{"id":11811,"date":"2021-03-25T12:25:10","date_gmt":"2021-03-25T15:25:10","guid":{"rendered":"https:\/\/tvc16.com\/portal\/?p=11811"},"modified":"2021-03-25T12:25:13","modified_gmt":"2021-03-25T15:25:13","slug":"india-deve-atrasar-entrega-de-vacinas-para-covax-diz-unicef","status":"publish","type":"post","link":"https:\/\/tvc16.com\/portal\/2021\/03\/25\/india-deve-atrasar-entrega-de-vacinas-para-covax-diz-unicef\/","title":{"rendered":"\u00cdndia deve atrasar entrega de vacinas para Covax, diz Unicef"},"content":{"rendered":"\n<h3 class=\"wp-block-heading\">Atrasos dever\u00e3o ocorrer at\u00e9 abril<\/h3>\n\n\n\n<h3 class=\"wp-block-heading\">Por Krishna N. Das &#8211; Rep\u00f3rter da Reuters &#8211; Nova D\u00e9lhi<\/h3>\n\n\n\n<p>A \u00cdndia provavelmente vai atrasar as entregas de doses da vacina da AstraZeneca contra a covid-19 ao programa Covax em mar\u00e7o e abril, informou&nbsp;\u00e0 Reuters o Fundo das Na\u00e7\u00f5es Unidas Unidas para a Inf\u00e2ncia (Unicef), parceiro de compra e distribui\u00e7\u00e3o do programa de vacina\u00e7\u00e3o apoiado pela Organiza\u00e7\u00e3o Mundial da Sa\u00fade (OMS) e a alian\u00e7a global de vacinas (Gavi, sigla em ingl\u00eas).<img decoding=\"async\" src=\"https:\/\/agenciabrasil.ebc.com.br\/ebc.png?id=1404993&amp;o=node\"><img decoding=\"async\" src=\"https:\/\/agenciabrasil.ebc.com.br\/ebc.gif?id=1404993&amp;o=node\"><\/p>\n\n\n\n<p>&#8220;Entendemos que as entregas de vacinas contra a covid-19, para economias de baixa renda que participam do Covax Facility, provavelmente enfrentar\u00e3o atrasos ap\u00f3s um rev\u00e9s na obten\u00e7\u00e3o de licen\u00e7as de exporta\u00e7\u00e3o para novas doses produzidas pelo Instituto Serum da \u00cdndia (SII)&#8221;, disse o Unicef por&nbsp;<em>e-mail<\/em>.<\/p>\n\n\n\n<p>&#8220;O Covax est\u00e1 em negocia\u00e7\u00f5es com o governo da \u00cdndia, com o objetivo de garantir as entregas o mais r\u00e1pido poss\u00edvel&#8221;, acrescentou.<\/p>\n\n\n\n<p>A Reuters informou nessa quarta-feira que a \u00cdndia suspendeu temporariamente todas as principais exporta\u00e7\u00f5es da vacina da AstraZeneca feita pelo Instituto Serum, maior fabricante de vacinas do mundo, para atender \u00e0 demanda dom\u00e9stica com o aumento das infec\u00e7\u00f5es.<\/p>\n\n\n\n<p>O Unicef tamb\u00e9m disse que os pa\u00edses participantes do Covax foram informados sobre suprimentos menores do que o esperado para mar\u00e7o de doses da AstraZeneca feitas na Coreia do Sul.<\/p>\n\n\n\n<p>&#8220;Isso se deve aos desafios que a empresa enfrenta para aumentar rapidamente o fornecimento e otimizar os processos de produ\u00e7\u00e3o para essas entregas antecipadas&#8221;, afirmou o Unicef.<\/p>\n","protected":false},"excerpt":{"rendered":"<p>Atrasos dever\u00e3o ocorrer at\u00e9 abril Por Krishna N. Das &#8211; Rep\u00f3rter da Reuters &#8211; Nova<\/p>\n","protected":false},"author":2,"featured_media":11812,"comment_status":"open","ping_status":"open","sticky":false,"template":"","format":"standard","meta":{"footnotes":""},"categories":[17],"tags":[],"class_list":["post-11811","post","type-post","status-publish","format-standard","has-post-thumbnail","hentry","category-outras-noticias"],"_links":{"self":[{"href":"https:\/\/tvc16.com\/portal\/wp-json\/wp\/v2\/posts\/11811","targetHints":{"allow":["GET"]}}],"collection":[{"href":"https:\/\/tvc16.com\/portal\/wp-json\/wp\/v2\/posts"}],"about":[{"href":"https:\/\/tvc16.com\/portal\/wp-json\/wp\/v2\/types\/post"}],"author":[{"embeddable":true,"href":"https:\/\/tvc16.com\/portal\/wp-json\/wp\/v2\/users\/2"}],"replies":[{"embeddable":true,"href":"https:\/\/tvc16.com\/portal\/wp-json\/wp\/v2\/comments?post=11811"}],"version-history":[{"count":1,"href":"https:\/\/tvc16.com\/portal\/wp-json\/wp\/v2\/posts\/11811\/revisions"}],"predecessor-version":[{"id":11813,"href":"https:\/\/tvc16.com\/portal\/wp-json\/wp\/v2\/posts\/11811\/revisions\/11813"}],"wp:featuredmedia":[{"embeddable":true,"href":"https:\/\/tvc16.com\/portal\/wp-json\/wp\/v2\/media\/11812"}],"wp:attachment":[{"href":"https:\/\/tvc16.com\/portal\/wp-json\/wp\/v2\/media?parent=11811"}],"wp:term":[{"taxonomy":"category","embeddable":true,"href":"https:\/\/tvc16.com\/portal\/wp-json\/wp\/v2\/categories?post=11811"},{"taxonomy":"post_tag","embeddable":true,"href":"https:\/\/tvc16.com\/portal\/wp-json\/wp\/v2\/tags?post=11811"}],"curies":[{"name":"wp","href":"https:\/\/api.w.org\/{rel}","templated":true}]}}