{"id":11820,"date":"2021-03-25T12:27:42","date_gmt":"2021-03-25T15:27:42","guid":{"rendered":"https:\/\/tvc16.com\/portal\/?p=11820"},"modified":"2021-03-25T12:27:44","modified_gmt":"2021-03-25T15:27:44","slug":"fila-de-espera-por-leito-de-uti-bate-novo-recorde-no-rio","status":"publish","type":"post","link":"https:\/\/tvc16.com\/portal\/2021\/03\/25\/fila-de-espera-por-leito-de-uti-bate-novo-recorde-no-rio\/","title":{"rendered":"Fila de espera por leito de UTI bate novo recorde no Rio"},"content":{"rendered":"\n<h3 class=\"wp-block-heading\">O total de leitos entre UTI e enfermaria alcan\u00e7ou ontem 858 pacientes<\/h3>\n\n\n\n<h3 class=\"wp-block-heading\">Por Cristina Indio do Brasil &#8211; Rep\u00f3rter da Ag\u00eancia Brasil &#8211; Rio de Janeiro<\/h3>\n\n\n\n<p>O estado do Rio de Janeiro registrou, pelo segundo dia seguido, recordes na fila de espera por um leito de UTI. Conforme os dados atuais da Secretaria de Estado de Sa\u00fade do Rio de Janeiro (SES), ontem (24) eram 582 pessoas aguardando uma vaga de terapia intensiva em todo o estado. Na v\u00e9spera eram 528 pessoas. H\u00e1 dez dias, em 15 de mar\u00e7o, a fila de espera por um leito de UTI tinha 171 pessoas.<img decoding=\"async\" src=\"https:\/\/agenciabrasil.ebc.com.br\/ebc.png?id=1405013&amp;o=node\"><img decoding=\"async\" src=\"https:\/\/agenciabrasil.ebc.com.br\/ebc.gif?id=1405013&amp;o=node\"><\/p>\n\n\n\n<p>Antes dos n\u00fameros elevados desta quarta e ter\u00e7a-feira, foi registrado pico de aumento de casos em 9 de maio do ano passado durante a primeira onda da covid-19. Naquele dia, eram 510 pacientes aguardando uma vaga. J\u00e1 nos leitos de enfermaria, ontem 276 pessoas esperavam na fila, enquanto no dia anterior eram 217. Para estes leitos, o pico foi em 7 de maio com 819 pessoas, tamb\u00e9m durante a primeira onda da covid-19. O total de leitos entre UTI e enfermaria alcan\u00e7ou ontem 858. Na v\u00e9spera eram 745 leitos.<\/p>\n\n\n\n<p>O Painel Coronav\u00edrus Covid-19 divulgado na p\u00e1gina da SES indica que no n\u00famero de casos registrados nos sistemas de informa\u00e7\u00e3o nas \u00faltimas 24h, mas que n\u00e3o significa que tenham ocorrido neste per\u00edodo, havia 2892 casos confirmados da doen\u00e7a, 42 \u00f3bitos, 1155 recuperados. A taxa de ocupa\u00e7\u00e3o dos leitos de UTI atingiu 88,7% e nos de enfermaria 77,3%. A mediana do tempo de espera nas \u00faltimas 24h das solicita\u00e7\u00f5es at\u00e9 a reserva de UTI era de 18h e de enfermarias de 9h.<\/p>\n\n\n\n<p>Tamb\u00e9m em rela\u00e7\u00e3o aos dados de ontem, nove munic\u00edpios (Bom Jesus de Itabapoana, Itaperuna, Maric\u00e1, Miguel Pereira, Nova Friburgo, Para\u00edba do Sul, Serop\u00e9dica, Sumidouro e Tr\u00eas Rios) est\u00e3o com 100% de ocupa\u00e7\u00e3o de leitos de UTI. Duas cidades ultrapassaram esse percentual: Rio das Ostras (109%) e S\u00e3o Jo\u00e3o de Meriti (137%).<\/p>\n\n\n\n<h2 class=\"wp-block-heading\">Vacina\u00e7\u00e3o<\/h2>\n\n\n\n<p>Os dados da SES indicam tamb\u00e9m que \u00e0s 9h de hoje havia 932.924 pessoas imunizadas com a primeira dose e 307.449 com a segunda dose da vacina.<\/p>\n\n\n\n<p>Edi\u00e7\u00e3o: Val\u00e9ria Aguiar<\/p>\n","protected":false},"excerpt":{"rendered":"<p>O total de leitos entre UTI e enfermaria alcan\u00e7ou ontem 858 pacientes Por Cristina Indio<\/p>\n","protected":false},"author":2,"featured_media":11821,"comment_status":"open","ping_status":"open","sticky":false,"template":"","format":"standard","meta":{"footnotes":""},"categories":[17],"tags":[],"class_list":["post-11820","post","type-post","status-publish","format-standard","has-post-thumbnail","hentry","category-outras-noticias"],"_links":{"self":[{"href":"https:\/\/tvc16.com\/portal\/wp-json\/wp\/v2\/posts\/11820","targetHints":{"allow":["GET"]}}],"collection":[{"href":"https:\/\/tvc16.com\/portal\/wp-json\/wp\/v2\/posts"}],"about":[{"href":"https:\/\/tvc16.com\/portal\/wp-json\/wp\/v2\/types\/post"}],"author":[{"embeddable":true,"href":"https:\/\/tvc16.com\/portal\/wp-json\/wp\/v2\/users\/2"}],"replies":[{"embeddable":true,"href":"https:\/\/tvc16.com\/portal\/wp-json\/wp\/v2\/comments?post=11820"}],"version-history":[{"count":1,"href":"https:\/\/tvc16.com\/portal\/wp-json\/wp\/v2\/posts\/11820\/revisions"}],"predecessor-version":[{"id":11822,"href":"https:\/\/tvc16.com\/portal\/wp-json\/wp\/v2\/posts\/11820\/revisions\/11822"}],"wp:featuredmedia":[{"embeddable":true,"href":"https:\/\/tvc16.com\/portal\/wp-json\/wp\/v2\/media\/11821"}],"wp:attachment":[{"href":"https:\/\/tvc16.com\/portal\/wp-json\/wp\/v2\/media?parent=11820"}],"wp:term":[{"taxonomy":"category","embeddable":true,"href":"https:\/\/tvc16.com\/portal\/wp-json\/wp\/v2\/categories?post=11820"},{"taxonomy":"post_tag","embeddable":true,"href":"https:\/\/tvc16.com\/portal\/wp-json\/wp\/v2\/tags?post=11820"}],"curies":[{"name":"wp","href":"https:\/\/api.w.org\/{rel}","templated":true}]}}