{"id":11823,"date":"2021-03-25T12:30:26","date_gmt":"2021-03-25T15:30:26","guid":{"rendered":"https:\/\/tvc16.com\/portal\/?p=11823"},"modified":"2021-03-25T12:30:29","modified_gmt":"2021-03-25T15:30:29","slug":"firjan-sesi-abre-novo-edital-com-mais-100-vagas-gratuitas-para-curso-pre-enem","status":"publish","type":"post","link":"https:\/\/tvc16.com\/portal\/2021\/03\/25\/firjan-sesi-abre-novo-edital-com-mais-100-vagas-gratuitas-para-curso-pre-enem\/","title":{"rendered":"Firjan SESI abre novo edital com mais 100 vagas gratuitas para curso Pr\u00e9-Enem"},"content":{"rendered":"\n<p>As oportunidades s\u00e3o para alunos do 2\u00ba ou 3\u00ba ano do Ensino M\u00e9dio de qualquer escola da rede p\u00fablica ou pessoas que j\u00e1 conclu\u00edram o Ensino M\u00e9dio, com idade m\u00ednima de 15 anos<\/p>\n\n\n\n<p>A Firjan SESI lan\u00e7ou novo edital com mais\u00a0100 vagas gratuitas\u00a0para o curso preparat\u00f3rio do Enem, sendo\u00a050 vagas para Nova Friburgo e outras 50 para Petr\u00f3polis. O objetivo \u00e9 contribuir para a forma\u00e7\u00e3o de jovens e ampliar as possibilidades de acesso \u00e0s concorridas vagas nos cursos superiores, que s\u00e3o conquistadas por meio da nota no\u00a0Exame Nacional do Ensino M\u00e9dio.<\/p>\n\n\n\n<p>Os interessados, que devem ter idade m\u00ednima de 15 anos, t\u00eam que estar matriculados em uma turma do 2\u00ba ou 3\u00ba ano do Ensino M\u00e9dio (da Educa\u00e7\u00e3o Regular ou da Educa\u00e7\u00e3o de Jovens e Adultos) em qualquer escola da rede p\u00fablica ou j\u00e1 terem conclu\u00eddo o Ensino M\u00e9dio.<\/p>\n\n\n\n<p>As\u00a0inscri\u00e7\u00f5es\u00a0ficam\u00a0abertas at\u00e9\u00a018\/04 \u00e0s 17h,\u00a0e devem ser feitas exclusivamente pelo site\u00a0<a rel=\"noreferrer noopener\" href=\"https:\/\/nam02.safelinks.protection.outlook.com\/?url=http%3A%2F%2Fwww.escolafirjansesi.com.br%2Fpre-enem&amp;data=04%7C01%7CCFARAUJO%40firjan.com.br%7Cd3a9d7a634ef4d4f8fc508d8ef009638%7Cd0c698d4e4ea4ee9a79df2d7a78399c8%7C0%7C0%7C637522133128346003%7CUnknown%7CTWFpbGZsb3d8eyJWIjoiMC4wLjAwMDAiLCJQIjoiV2luMzIiLCJBTiI6Ik1haWwiLCJXVCI6Mn0%3D%7C1000&amp;sdata=vAz79cynVO1jnWi%2BzCx538E%2BI18Lj0K2x6%2F3v8ArTfA%3D&amp;reserved=0\" target=\"_blank\">http:\/\/www.escolafirjansesi.com.br\/pre-enem<\/a>\u00a0, onde o candidato deve postar a documenta\u00e7\u00e3o completa exigida no edital.<\/p>\n\n\n\n<p>De acordo com o gerente de Educa\u00e7\u00e3o B\u00e1sica da Firjan SESI, Giovanni Lima, a federa\u00e7\u00e3o visa contribuir de forma efetiva na forma\u00e7\u00e3o desses jovens. &#8220;A nota no Enem \u00e9 a porta de entrada para o Ensino Superior no Brasil, mas nosso objetivo vai al\u00e9m desta nota. Visamos o desenvolvimento de habilidades espec\u00edficas para o exame, n\u00e3o somente para o \u00eaxito dos alunos nesta prova, mas para amplia\u00e7\u00e3o da vis\u00e3o cr\u00edtica e social necess\u00e1rias ao exerc\u00edcio pleno da cidadania, que futuramente, podem contribuir para o desenvolvimento da ind\u00fastria &#8220;, afirma.<\/p>\n\n\n\n<p>Ap\u00f3s o per\u00edodo de inscri\u00e7\u00e3o, a documenta\u00e7\u00e3o dos candidatos ser\u00e1 analisada para verifica\u00e7\u00e3o do cumprimento de pr\u00e9-requisitos para participa\u00e7\u00e3o. Se classificado, segundo ordem de inscri\u00e7\u00e3o, dentro do n\u00famero de vagas dispon\u00edveis para a unidade escolar que se inscreveu, o candidato estar\u00e1 apto a se matricular no curso.<\/p>\n\n\n\n<p>A escola far\u00e1 contato para confirmar o hor\u00e1rio das turmas, assinatura do termo de ades\u00e3o ao curso e formaliza\u00e7\u00e3o da matr\u00edcula. A lista de candidatos classificados tamb\u00e9m ser\u00e1 disponibilizada, em 21\/04, no site da Escola Firjan SESI.<\/p>\n\n\n\n<p><strong>Carga Hor\u00e1ria<\/strong><\/p>\n\n\n\n<p>As aulas ter\u00e3o in\u00edcio a partir da abertura das turmas, que devem ter quantidade m\u00ednima de 30 alunos e m\u00e1xima de 50, dentro do per\u00edodo do curso: de 26\/04 a 29\/12.<\/p>\n\n\n\n<p>O curso ter\u00e1 carga hor\u00e1ria semanal de 18 horas\/aula, sendo 12 horas\/aula on-line e ao vivo, e 6 horas\/aula em regime de estudo dirigido (aluno estuda sozinho, com atividades direcionadas, deixadas pelo professor). A\u00a0carga hor\u00e1ria\u00a0total\u00a0de\u00a0648 horas\/aula\u00a0ser\u00e1 divididanas \u00e1reas de Linguagens (Portugu\u00eas\/Produ\u00e7\u00e3o Textual), Ci\u00eancias da Natureza (F\u00edsica, Qu\u00edmica e Biologia), Ci\u00eancias Humanas (Hist\u00f3ria e Geografia)\u00a0 e Matem\u00e1tica, buscando oferecer ao candidato, al\u00e9m do conte\u00fado de cada disciplina, normas, instru\u00e7\u00f5es, informa\u00e7\u00f5es e orienta\u00e7\u00f5es relativas \u00e0 prova.<\/p>\n\n\n\n<p>O edital completo est\u00e1 dispon\u00edvel no site:&nbsp;<a href=\"https:\/\/nam02.safelinks.protection.outlook.com\/?url=http%3A%2F%2Fwww.escolafirjansesi.com.br%2Fpre-enem&amp;data=04%7C01%7CCFARAUJO%40firjan.com.br%7Cd3a9d7a634ef4d4f8fc508d8ef009638%7Cd0c698d4e4ea4ee9a79df2d7a78399c8%7C0%7C0%7C637522133128355994%7CUnknown%7CTWFpbGZsb3d8eyJWIjoiMC4wLjAwMDAiLCJQIjoiV2luMzIiLCJBTiI6Ik1haWwiLCJXVCI6Mn0%3D%7C1000&amp;sdata=zyVPceZJ65nrN4VN3D%2FocYa%2Ffd4%2FFavDBTkh02F9Y2M%3D&amp;reserved=0\" target=\"_blank\" rel=\"noreferrer noopener\">http:\/\/www.escolafirjansesi.com.br\/pre-enem<\/a>&nbsp;. Mais informa\u00e7\u00f5es tamb\u00e9m podem ser obtidas atrav\u00e9s do telefone 0800 0231 231.<\/p>\n","protected":false},"excerpt":{"rendered":"<p>As oportunidades s\u00e3o para alunos do 2\u00ba ou 3\u00ba ano do Ensino M\u00e9dio de qualquer<\/p>\n","protected":false},"author":2,"featured_media":11825,"comment_status":"open","ping_status":"open","sticky":false,"template":"","format":"standard","meta":{"footnotes":""},"categories":[12],"tags":[],"class_list":["post-11823","post","type-post","status-publish","format-standard","has-post-thumbnail","hentry","category-cidade"],"_links":{"self":[{"href":"https:\/\/tvc16.com\/portal\/wp-json\/wp\/v2\/posts\/11823","targetHints":{"allow":["GET"]}}],"collection":[{"href":"https:\/\/tvc16.com\/portal\/wp-json\/wp\/v2\/posts"}],"about":[{"href":"https:\/\/tvc16.com\/portal\/wp-json\/wp\/v2\/types\/post"}],"author":[{"embeddable":true,"href":"https:\/\/tvc16.com\/portal\/wp-json\/wp\/v2\/users\/2"}],"replies":[{"embeddable":true,"href":"https:\/\/tvc16.com\/portal\/wp-json\/wp\/v2\/comments?post=11823"}],"version-history":[{"count":1,"href":"https:\/\/tvc16.com\/portal\/wp-json\/wp\/v2\/posts\/11823\/revisions"}],"predecessor-version":[{"id":11826,"href":"https:\/\/tvc16.com\/portal\/wp-json\/wp\/v2\/posts\/11823\/revisions\/11826"}],"wp:featuredmedia":[{"embeddable":true,"href":"https:\/\/tvc16.com\/portal\/wp-json\/wp\/v2\/media\/11825"}],"wp:attachment":[{"href":"https:\/\/tvc16.com\/portal\/wp-json\/wp\/v2\/media?parent=11823"}],"wp:term":[{"taxonomy":"category","embeddable":true,"href":"https:\/\/tvc16.com\/portal\/wp-json\/wp\/v2\/categories?post=11823"},{"taxonomy":"post_tag","embeddable":true,"href":"https:\/\/tvc16.com\/portal\/wp-json\/wp\/v2\/tags?post=11823"}],"curies":[{"name":"wp","href":"https:\/\/api.w.org\/{rel}","templated":true}]}}