{"id":11827,"date":"2021-03-25T15:42:03","date_gmt":"2021-03-25T18:42:03","guid":{"rendered":"https:\/\/tvc16.com\/portal\/?p=11827"},"modified":"2021-03-25T15:44:15","modified_gmt":"2021-03-25T18:44:15","slug":"mais-de-100-veiculos-ja-foram-impedidos-de-entrar-em-petropolis","status":"publish","type":"post","link":"https:\/\/tvc16.com\/portal\/2021\/03\/25\/mais-de-100-veiculos-ja-foram-impedidos-de-entrar-em-petropolis\/","title":{"rendered":"Mais de 100 ve\u00edculos j\u00e1 foram impedidos de entrar em Petr\u00f3polis"},"content":{"rendered":"\n<p>Em menos de 96 horas, mais de 100 ve\u00edculos j\u00e1 foram impedidos de entrar em Petr\u00f3polis nas barreiras sanit\u00e1rias. O acesso de pessoas de outras cidades s\u00f3 est\u00e1 sendo permitido \u00e0quelas que comprovarem propriedade de im\u00f3vel aqui ou apresentarem voucher demonstrando reserva em meio de hospedagem local ou agendamento para compra nos polos de moda.<\/p>\n\n\n\n<p>Somente hoje (25.03), at\u00e9 \u00e0s 14h, foram 37 carros bloqueados. Na barreira do Quitandinha, retornaram oito ve\u00edculos provenientes de outras cidades at\u00e9 esse hor\u00e1rio. No Bingen, tr\u00eas autom\u00f3veis foram impedidos de entrar no munic\u00edpio. Em Bonsucesso, foram 21. J\u00e1 no bloqueio do Alto da Serra, cinco carros foram obrigados pelas equipes a voltar para os seus munic\u00edpios.<\/p>\n\n\n\n<p>O trabalho realizado nas barreiras sanit\u00e1rias conta com equipes da CPTrans, Vigil\u00e2ncia Sanit\u00e1ria, Guarda Civil, Defesa Civil e da coordenadoria especial de Rela\u00e7\u00f5es Institucionais, por interm\u00e9dio dos agentes regionais. A\u00e7\u00f5es nas cachoeiras tamb\u00e9m ser\u00e3o realizadas a partir de amanh\u00e3 (26) com a participa\u00e7\u00e3o da Secretaria de Meio Ambiente e do Inea.<\/p>\n\n\n\n<p>O objetivo da barreira sanit\u00e1ria \u00e9 diminuir a migra\u00e7\u00e3o de pessoas de fora para a cidade, buscando impedir o aumento da circula\u00e7\u00e3o e reduzir a taxa de cont\u00e1gio.<\/p>\n\n\n\n<p>\u201cAs restri\u00e7\u00f5es n\u00e3o s\u00e3o desejadas, mas s\u00e3o muito necess\u00e1rias neste momento. Diversos setores da prefeitura est\u00e3o engajados na a\u00e7\u00e3o, ou seja, \u00e9 uma a\u00e7\u00e3o de governo como um todo\u201d, explicou Fernanda Ferreira, coordenadora de Rela\u00e7\u00f5es Institucionais.<\/p>\n","protected":false},"excerpt":{"rendered":"<p>Em menos de 96 horas, mais de 100 ve\u00edculos j\u00e1 foram impedidos de entrar em<\/p>\n","protected":false},"author":2,"featured_media":11828,"comment_status":"open","ping_status":"open","sticky":false,"template":"","format":"standard","meta":{"footnotes":""},"categories":[12],"tags":[],"class_list":["post-11827","post","type-post","status-publish","format-standard","has-post-thumbnail","hentry","category-cidade"],"_links":{"self":[{"href":"https:\/\/tvc16.com\/portal\/wp-json\/wp\/v2\/posts\/11827","targetHints":{"allow":["GET"]}}],"collection":[{"href":"https:\/\/tvc16.com\/portal\/wp-json\/wp\/v2\/posts"}],"about":[{"href":"https:\/\/tvc16.com\/portal\/wp-json\/wp\/v2\/types\/post"}],"author":[{"embeddable":true,"href":"https:\/\/tvc16.com\/portal\/wp-json\/wp\/v2\/users\/2"}],"replies":[{"embeddable":true,"href":"https:\/\/tvc16.com\/portal\/wp-json\/wp\/v2\/comments?post=11827"}],"version-history":[{"count":1,"href":"https:\/\/tvc16.com\/portal\/wp-json\/wp\/v2\/posts\/11827\/revisions"}],"predecessor-version":[{"id":11829,"href":"https:\/\/tvc16.com\/portal\/wp-json\/wp\/v2\/posts\/11827\/revisions\/11829"}],"wp:featuredmedia":[{"embeddable":true,"href":"https:\/\/tvc16.com\/portal\/wp-json\/wp\/v2\/media\/11828"}],"wp:attachment":[{"href":"https:\/\/tvc16.com\/portal\/wp-json\/wp\/v2\/media?parent=11827"}],"wp:term":[{"taxonomy":"category","embeddable":true,"href":"https:\/\/tvc16.com\/portal\/wp-json\/wp\/v2\/categories?post=11827"},{"taxonomy":"post_tag","embeddable":true,"href":"https:\/\/tvc16.com\/portal\/wp-json\/wp\/v2\/tags?post=11827"}],"curies":[{"name":"wp","href":"https:\/\/api.w.org\/{rel}","templated":true}]}}