{"id":11834,"date":"2021-03-26T09:05:11","date_gmt":"2021-03-26T12:05:11","guid":{"rendered":"https:\/\/tvc16.com\/portal\/?p=11834"},"modified":"2021-03-26T09:05:14","modified_gmt":"2021-03-26T12:05:14","slug":"mais-10-pessoas-morrem-de-covid-19-em-petropolis","status":"publish","type":"post","link":"https:\/\/tvc16.com\/portal\/2021\/03\/26\/mais-10-pessoas-morrem-de-covid-19-em-petropolis\/","title":{"rendered":"Mais 10 pessoas morrem de covid-19 em Petr\u00f3polis"},"content":{"rendered":"\n<p>O boletim epidemiol\u00f3gico da Secretaria de Sa\u00fade desta quinta-feira (25\/3) mostrou que Petr\u00f3polis fez, at\u00e9 agora, 130.512 testes para Covid-19, com 23.995 resultados positivos e 100.797 negativos (levando em considera\u00e7\u00e3o testes r\u00e1pidos e Swab). Mais 10 \u00f3bitos foram contabilizados nesta quinta-feira (25\/3).<\/p>\n\n\n\n<p>Neste momento, 175 pessoas est\u00e3o internadas em leitos de UTI privados e pelo SUS. Outras 145 est\u00e3o em leitos cl\u00ednicos, considerando leitos privados e SUS, totalizando assim, 320 interna\u00e7\u00f5es em toda a rede da cidade. A ocupa\u00e7\u00e3o de leitos cl\u00ednicos pelo SUS \u00e9 de 61,65% e 87,38% em leitos de UTI.<\/p>\n\n\n\n<p>A Secretaria de Sa\u00fade esclarece que o n\u00famero de \u00f3bitos, hoje em 653, \u00e9 atualizado nos boletins apenas ap\u00f3s o registro do atestado de \u00f3bito e do resultado do exame do paciente no sistema da Vigil\u00e2ncia Epidemiol\u00f3gica, o que \u00e9 feito por equipe administrativa. Trata-se de medida de seguran\u00e7a para evitar erro na informa\u00e7\u00e3o divulgada pela Secretaria de Sa\u00fade.<\/p>\n\n\n\n<p>A Secretaria acrescenta, ainda, que trabalha na atualiza\u00e7\u00e3o de dados de notifica\u00e7\u00f5es e casos em an\u00e1lise no sistema, inserindo ainda dados n\u00e3o lan\u00e7ados no fim do ano passado. \u00c9 poss\u00edvel acompanhar a evolu\u00e7\u00e3o dos casos no portal da transpar\u00eancia do coronav\u00edrus, no site da Prefeitura (www.petropolis.rj.gov.br).<\/p>\n\n\n\n<p>\u00d3bitos registrados:<\/p>\n\n\n\n<p>1 \u2013 Homem, 43 anos, morador do Duarte da Silveira. Internado na UPA Cascatinha no dia 08\/3\/21 e transferido para o SMH no dia 10\/3\/21. \u00d3bito registrado no dia 12\/3\/21 no SMH. Paciente tinha hipertens\u00e3o arterial, diabetes e obesidade.<\/p>\n\n\n\n<p>2 \u2013 Homem, 61 anos, morador do Castelo de S\u00e3o Manoel. Internado no hospital Unimed no dia 20\/2\/21 e transferido para o SMH no dia 01\/3\/21. \u00d3bito registrado no SMH no dia 16\/3\/21. Paciente tinha doen\u00e7a cardiovascular cr\u00f4nica.<\/p>\n\n\n\n<p>3 \u2013 Mulher, 89 anos, moradora da Castel\u00e2nea. Internada em 05\/3\/21 no HCC. \u00d3bito registrado no dia 23\/3\/21. Paciente tinha hipertens\u00e3o arterial.<\/p>\n\n\n\n<p>4 \u2013 Homem, 59 anos, morador da 24 de Maio. Paciente internado em 08\/2\/21 no HAC. \u00d3bito registrado em 23\/3\/21 no HAC. Paciente tinha doen\u00e7a cardiovascular cr\u00f4nica e diabetes.<\/p>\n\n\n\n<p>5 \u2013 Mulher, 47 anos, moradora da Castel\u00e2nea. Internada em 08\/9\/20 no HST. \u00d3bito registrado em 23\/3\/21 no HST. Paciente com doen\u00e7a respirat\u00f3ria e sequelas neurol\u00f3gicas.<\/p>\n\n\n\n<p>6 &#8211; Homem, 41 anos, morador do Capela. Internado no Hospital Unimed no dia 19\/2\/21 e transferido par o SMH no dia 26\/2\/21. \u00d3bito registrado em 12\/3\/21 no SMH<\/p>\n\n\n\n<p>7 \u2013 Homem, 85 anos, morador da Castel\u00e2nea. Internado em 26\/2\/21 na UPA Centro e transferido para o SMH. \u00d3bito registrado no SMH no dia 17\/3\/21. Paciente tinha hist\u00f3rico de AVE e doen\u00e7a cardiovascular cr\u00f4nica.]<\/p>\n\n\n\n<p>8 \u2013 Mulher, 66 anos, moradora de Itaipava. Internada no dia 23\/3\/21 na UPA Itaipava. \u00d3bito registrado no dia 23\/3\/21 na UPA Itaipava.<\/p>\n\n\n\n<p>9 \u2013 Mulher, 88 anos moradora de \u00c1guas Lindas. Internada em 11\/3\/21 no HCC. \u00d3bito registrado no dia 23\/3\/21 no HCC. Paciente tinha hipertens\u00e3o e diabetes.<\/p>\n\n\n\n<p>10 \u2013 Mulher, 55 anos, moradora do Quitandinha. Internada em 17\/3\/21 no HST. \u00d3bito registrado no HST em 24\/3\/21.<\/p>\n","protected":false},"excerpt":{"rendered":"<p>O boletim epidemiol\u00f3gico da Secretaria de Sa\u00fade desta quinta-feira (25\/3) mostrou que Petr\u00f3polis fez, at\u00e9<\/p>\n","protected":false},"author":2,"featured_media":11835,"comment_status":"open","ping_status":"open","sticky":false,"template":"","format":"standard","meta":{"footnotes":""},"categories":[12],"tags":[],"class_list":["post-11834","post","type-post","status-publish","format-standard","has-post-thumbnail","hentry","category-cidade"],"_links":{"self":[{"href":"https:\/\/tvc16.com\/portal\/wp-json\/wp\/v2\/posts\/11834","targetHints":{"allow":["GET"]}}],"collection":[{"href":"https:\/\/tvc16.com\/portal\/wp-json\/wp\/v2\/posts"}],"about":[{"href":"https:\/\/tvc16.com\/portal\/wp-json\/wp\/v2\/types\/post"}],"author":[{"embeddable":true,"href":"https:\/\/tvc16.com\/portal\/wp-json\/wp\/v2\/users\/2"}],"replies":[{"embeddable":true,"href":"https:\/\/tvc16.com\/portal\/wp-json\/wp\/v2\/comments?post=11834"}],"version-history":[{"count":1,"href":"https:\/\/tvc16.com\/portal\/wp-json\/wp\/v2\/posts\/11834\/revisions"}],"predecessor-version":[{"id":11836,"href":"https:\/\/tvc16.com\/portal\/wp-json\/wp\/v2\/posts\/11834\/revisions\/11836"}],"wp:featuredmedia":[{"embeddable":true,"href":"https:\/\/tvc16.com\/portal\/wp-json\/wp\/v2\/media\/11835"}],"wp:attachment":[{"href":"https:\/\/tvc16.com\/portal\/wp-json\/wp\/v2\/media?parent=11834"}],"wp:term":[{"taxonomy":"category","embeddable":true,"href":"https:\/\/tvc16.com\/portal\/wp-json\/wp\/v2\/categories?post=11834"},{"taxonomy":"post_tag","embeddable":true,"href":"https:\/\/tvc16.com\/portal\/wp-json\/wp\/v2\/tags?post=11834"}],"curies":[{"name":"wp","href":"https:\/\/api.w.org\/{rel}","templated":true}]}}