{"id":11840,"date":"2021-03-26T09:17:04","date_gmt":"2021-03-26T12:17:04","guid":{"rendered":"https:\/\/tvc16.com\/portal\/?p=11840"},"modified":"2021-03-26T09:17:07","modified_gmt":"2021-03-26T12:17:07","slug":"prefeitura-interdita-area-com-movimentacao-de-terra-na-mosela","status":"publish","type":"post","link":"https:\/\/tvc16.com\/portal\/2021\/03\/26\/prefeitura-interdita-area-com-movimentacao-de-terra-na-mosela\/","title":{"rendered":"Prefeitura interdita \u00e1rea com movimenta\u00e7\u00e3o de terra na Mosela"},"content":{"rendered":"\n<p>A prefeitura, por meio da Secretaria de Meio Ambiente, interditou nesta quinta-feira (25\/03) uma \u00e1rea em que estava ocorrendo uma movimenta\u00e7\u00e3o de terra de forma irregular, na Rua Carlos Frederico Keuper, na Mosela. Os fiscais da pasta chegaram ao local no in\u00edcio da tarde ap\u00f3s den\u00fancias de moradores preocupados com as interven\u00e7\u00f5es.<\/p>\n\n\n\n<p>No momento da vistoria os fiscais verificaram a ocorr\u00eancia de movimenta\u00e7\u00e3o de terra com a supress\u00e3o de \u00e1rvores no terreno. Na ocasi\u00e3o, o respons\u00e1vel apresentou a autoriza\u00e7\u00e3o para o corte das \u00e1rvores, contudo n\u00e3o havia alvar\u00e1 de obras e autoriza\u00e7\u00e3o ambiental para a movimenta\u00e7\u00e3o de terra. Segundo o propriet\u00e1rio, a inten\u00e7\u00e3o \u00e9 construir uma resid\u00eancia no local.<\/p>\n\n\n\n<figure class=\"wp-block-image size-large\"><img loading=\"lazy\" decoding=\"async\" width=\"768\" height=\"1024\" src=\"https:\/\/tvc16.com\/portal\/wp-content\/uploads\/2021\/03\/WhatsApp-Image-2021-03-25-at-17.32.51-1-768x1024.jpeg\" alt=\"\" class=\"wp-image-11841\" srcset=\"https:\/\/tvc16.com\/portal\/wp-content\/uploads\/2021\/03\/WhatsApp-Image-2021-03-25-at-17.32.51-1-768x1024.jpeg 768w, https:\/\/tvc16.com\/portal\/wp-content\/uploads\/2021\/03\/WhatsApp-Image-2021-03-25-at-17.32.51-1-225x300.jpeg 225w, https:\/\/tvc16.com\/portal\/wp-content\/uploads\/2021\/03\/WhatsApp-Image-2021-03-25-at-17.32.51-1.jpeg 780w\" sizes=\"auto, (max-width: 768px) 100vw, 768px\" \/><\/figure>\n\n\n\n<p>O propriet\u00e1rio foi autuado por realizar a movimenta\u00e7\u00e3o de terra sem autoriza\u00e7\u00e3o ambiental, teve a \u00e1rea interditada pela equipe do Meio Ambiente e n\u00e3o poder\u00e1 continuar com a obra at\u00e9 a regulariza\u00e7\u00e3o juntos aos \u00f3rg\u00e3os competentes.<\/p>\n\n\n\n<p>\u201c\u00c9 importante frisar que para realizar a movimenta\u00e7\u00e3o de terra \u00e9 necess\u00e1rio obter, previamente, a autoriza\u00e7\u00e3o ambiental e licen\u00e7a de obras, sob pena de multa e responsabiliza\u00e7\u00e3o pelo dano ambiental causado\u201d, alerta o chefe do setor de fiscaliza\u00e7\u00e3o da Secretaria de Meio Ambiente, Miguel Fausto.<\/p>\n\n\n\n<p>Do in\u00edcio do ano at\u00e9 o final do m\u00eas de mar\u00e7o, a Secretaria de Meio Ambiente j\u00e1 atendeu 175 ocorr\u00eancias de infra\u00e7\u00f5es ambientais no munic\u00edpio, entre casos de supress\u00e3o de vegeta\u00e7\u00e3o, movimenta\u00e7\u00e3o de terra, polui\u00e7\u00e3o de curso h\u00eddrico, contamina\u00e7\u00e3o de solo, empresas exercendo atividade sem licen\u00e7a ambiental e queimadas.<\/p>\n\n\n\n<p>\u201cA participa\u00e7\u00e3o da popula\u00e7\u00e3o \u00e9 importante para o combate as infra\u00e7\u00f5es ambientais no munic\u00edpio de Petr\u00f3polis otimizando o atendimento\u201d, finaliza o Secret\u00e1rio de Meio Ambiente Edmardo Campbell.<\/p>\n\n\n\n<p>As den\u00fancias podem ser realizadas de forma an\u00f4nima atrav\u00e9s do telefone (24) 2246-9241, ou pessoalmente na Secretaria de Meio Ambiente, que fica localizada na Avenida Koeller n\u00ba 87 \u2013 Centro.<\/p>\n","protected":false},"excerpt":{"rendered":"<p>A prefeitura, por meio da Secretaria de Meio Ambiente, interditou nesta quinta-feira (25\/03) uma \u00e1rea<\/p>\n","protected":false},"author":2,"featured_media":11842,"comment_status":"open","ping_status":"open","sticky":false,"template":"","format":"standard","meta":{"footnotes":""},"categories":[12],"tags":[],"class_list":["post-11840","post","type-post","status-publish","format-standard","has-post-thumbnail","hentry","category-cidade"],"_links":{"self":[{"href":"https:\/\/tvc16.com\/portal\/wp-json\/wp\/v2\/posts\/11840","targetHints":{"allow":["GET"]}}],"collection":[{"href":"https:\/\/tvc16.com\/portal\/wp-json\/wp\/v2\/posts"}],"about":[{"href":"https:\/\/tvc16.com\/portal\/wp-json\/wp\/v2\/types\/post"}],"author":[{"embeddable":true,"href":"https:\/\/tvc16.com\/portal\/wp-json\/wp\/v2\/users\/2"}],"replies":[{"embeddable":true,"href":"https:\/\/tvc16.com\/portal\/wp-json\/wp\/v2\/comments?post=11840"}],"version-history":[{"count":1,"href":"https:\/\/tvc16.com\/portal\/wp-json\/wp\/v2\/posts\/11840\/revisions"}],"predecessor-version":[{"id":11843,"href":"https:\/\/tvc16.com\/portal\/wp-json\/wp\/v2\/posts\/11840\/revisions\/11843"}],"wp:featuredmedia":[{"embeddable":true,"href":"https:\/\/tvc16.com\/portal\/wp-json\/wp\/v2\/media\/11842"}],"wp:attachment":[{"href":"https:\/\/tvc16.com\/portal\/wp-json\/wp\/v2\/media?parent=11840"}],"wp:term":[{"taxonomy":"category","embeddable":true,"href":"https:\/\/tvc16.com\/portal\/wp-json\/wp\/v2\/categories?post=11840"},{"taxonomy":"post_tag","embeddable":true,"href":"https:\/\/tvc16.com\/portal\/wp-json\/wp\/v2\/tags?post=11840"}],"curies":[{"name":"wp","href":"https:\/\/api.w.org\/{rel}","templated":true}]}}