{"id":11848,"date":"2021-03-26T09:24:58","date_gmt":"2021-03-26T12:24:58","guid":{"rendered":"https:\/\/tvc16.com\/portal\/?p=11848"},"modified":"2021-03-26T09:25:00","modified_gmt":"2021-03-26T12:25:00","slug":"covid-19-megaferiado-em-sao-paulo-comeca-com-suspensao-de-servicos","status":"publish","type":"post","link":"https:\/\/tvc16.com\/portal\/2021\/03\/26\/covid-19-megaferiado-em-sao-paulo-comeca-com-suspensao-de-servicos\/","title":{"rendered":"Covid-19: megaferiado em S\u00e3o Paulo come\u00e7a com suspens\u00e3o de servi\u00e7os"},"content":{"rendered":"\n<h3 class=\"wp-block-heading\">Recomenda\u00e7\u00e3o da prefeitura \u00e9 que a popula\u00e7\u00e3o fique em casa<\/h3>\n\n\n\n<h3 class=\"wp-block-heading\">Por Camila Maciel &#8211; Rep\u00f3rter da Ag\u00eancia Brasil &#8211; S\u00e3o Paulo<\/h3>\n\n\n\n<p>Tem in\u00edcio hoje&nbsp;(26) a antecipa\u00e7\u00e3o de cinco feriados municipais na capital paulista para conter o agravamento da pandemia de covid-19. Na Regi\u00e3o do Grande ABC, a paralisa\u00e7\u00e3o das atividades come\u00e7a&nbsp;segunda-feira (29). A maior parte dos servi\u00e7os j\u00e1 se encontra afetada por causa&nbsp;da Fase Emergencial do Plano S\u00e3o Paulo, que ter\u00e1&nbsp;novas modifica\u00e7\u00f5es por causa do&nbsp;megaferiado.<img decoding=\"async\" src=\"https:\/\/agenciabrasil.ebc.com.br\/ebc.png?id=1405105&amp;o=node\"><img decoding=\"async\" src=\"https:\/\/agenciabrasil.ebc.com.br\/ebc.gif?id=1405105&amp;o=node\"><\/p>\n\n\n\n<p>Os recessos remarcados se estendem ao longo da pr\u00f3xima semana na capital paulista, nos dias 29, 30, 31 de mar\u00e7o e 1\u00b0 de abril, juntando-se&nbsp;\u00e0&nbsp;Sexta-feira Santa, em 2 de abril, que \u00e9 feriado nacional.<\/p>\n\n\n\n<p>A recomenda\u00e7\u00e3o da prefeitura \u00e9 que a popula\u00e7\u00e3o fique em casa, em isolamento social. \u201cA a\u00e7\u00e3o tem o objetivo de diminuir a contamina\u00e7\u00e3o pelo&nbsp;novo coronav\u00edrus e assim evitar colapsos nas redes de sa\u00fade e funer\u00e1rias da capital\u201d, justifica em nota o governo municipal.<\/p>\n\n\n\n<p>Os&nbsp;<a href=\"http:\/\/www.capital.sp.gov.br\/noticia\/feriados-antecipados-servicos-de-saude-funcionam-de-forma-ininterrupta%C2%A0\" target=\"_blank\" rel=\"noreferrer noopener\">servi\u00e7os de sa\u00fade<\/a>&nbsp;n\u00e3o ser\u00e3o interrompidos nos dias dos feriados antecipados. No dia 2 de abril, feriado nacional de&nbsp;Sexta-feira da Paix\u00e3o, alguns servi\u00e7os v\u00e3o fechar, permanecendo apenas os essenciais e os de plant\u00e3o, conforme informa\u00e7\u00e3o no&nbsp;<em>site<\/em>&nbsp;da prefeitura.&nbsp;<\/p>\n\n\n\n<p>Durante o feriado, seguir\u00e1 em funcionamento o novo hor\u00e1rio de rod\u00edzio na cidade, com altera\u00e7\u00e3o para o per\u00edodo noturno, das 20h \u00e0s 5h. Antes, o rod\u00edzio ocorria entre as 7h e as 10h e entre as 17h e as 20h.&nbsp;<\/p>\n\n\n\n<p>Na capital, feiras livres funcionar\u00e3o normalmente, enquanto mercados e sacol\u00f5es estar\u00e3o&nbsp;em revezamento.<\/p>\n\n\n\n<p>As ciclofaixas de lazer n\u00e3o ser\u00e3o abertas nos dias de feriados antecipados, mas funcionam aos domingos e na Sexta-Feira Santa, com distribui\u00e7\u00e3o de m\u00e1scaras e \u00e1lcool gel. As atividades nos espa\u00e7os culturais continuam suspensas, com exce\u00e7\u00e3o de eventos virtuais&nbsp;como a programa\u00e7\u00e3o do m\u00eas do Hip Hop e da Mulher. Clubes esportivos tamb\u00e9m permanecem fechados.&nbsp;<\/p>\n\n\n\n<p>Todos os servi\u00e7os podem ser conferidos no&nbsp;<a href=\"http:\/\/www.capital.sp.gov.br\/noticia\/feriado-emergencial-confira-o-funcionamento-dos-servicos-municipais\" target=\"_blank\" rel=\"noreferrer noopener\"><em>site<\/em>&nbsp;da prefeitura<\/a>.<\/p>\n\n\n\n<p>Nos bancos, o atendimento presencial ser\u00e1 feito apenas em car\u00e1ter excepcional, com triagem. Segundo a Federa\u00e7\u00e3o Brasileira de Bancos (Febraban), a orienta\u00e7\u00e3o segue normativas do setor e visa a atender especialmente \u201ccasos de recebimento de benef\u00edcios sociais, pagamento de sal\u00e1rios, aposentadorias e pens\u00f5es \u00e0queles que n\u00e3o t\u00eam acesso a canais digitais ou remotos\u201d. Os demais servi\u00e7os estar\u00e3o dispon\u00edveis por meio dos canais digitais. As datas de vencimento de contas, boletos e tributos est\u00e3o mantidas.<\/p>\n\n\n\n<h2 class=\"wp-block-heading\">Litoral e Grande ABC&nbsp;<\/h2>\n\n\n\n<p>Os nove munic\u00edpios da Baixada Santista \u2013 Santos, S\u00e3o Vicente, Cubat\u00e3o, Guaruj\u00e1, Praia Grande, Bertioga, Mongagu\u00e1, Itanha\u00e9m e Peru\u00edbe \u2013 est\u00e3o em&nbsp;<em>lockdown<\/em>&nbsp;at\u00e9 4 de abril. A decis\u00e3o foi tomada ap\u00f3s a capital optar pelos feriados. Foram feitos bloqueios nas praias e refor\u00e7o da fiscaliza\u00e7\u00e3o para impedir o acesso \u00e0 areia e aos cal\u00e7ad\u00f5es.&nbsp;<\/p>\n\n\n\n<p>O governo do estado tamb\u00e9m atendeu ao pedido dos prefeitos e suspendeu a chamada Opera\u00e7\u00e3o Descida, medida que aumenta o n\u00famero de faixas de tr\u00e2nsito nas estradas que levam ao litoral.<\/p>\n\n\n\n<p>Os munic\u00edpios do Grande ABC Paulista, que tamb\u00e9m optaram por antecipar feriados, mesmo para setores considerados essenciais,&nbsp;dever\u00e3o encerrar \u00e0s 17h, com exce\u00e7\u00e3o dos servi\u00e7os de sa\u00fade, como hospitais p\u00fablicos e privados, urg\u00eancia e emerg\u00eancia, farm\u00e1cias, laborat\u00f3rios e hospitais veterin\u00e1rios.&nbsp;<\/p>\n\n\n\n<p>Em Santo Andr\u00e9, S\u00e3o Bernardo do Campo, S\u00e3o Caetano do Sul, Diadema, Mau\u00e1, Ribeir\u00e3o Pires e Rio Grande da Serra n\u00e3o haver\u00e1 dia \u00fatil de 27 de mar\u00e7o a 4 de abril. Apenas funcion\u00e1rios de servi\u00e7os essenciais poder\u00e3o circular no transporte p\u00fablico. A comercializa\u00e7\u00e3o de bebida alco\u00f3lica estar\u00e1 proibida a partir de segunda-feira (29).&nbsp;<\/p>\n\n\n\n<p>Edi\u00e7\u00e3o: Gra\u00e7a Adjuto<\/p>\n","protected":false},"excerpt":{"rendered":"<p>Recomenda\u00e7\u00e3o da prefeitura \u00e9 que a popula\u00e7\u00e3o fique em casa Por Camila Maciel &#8211; Rep\u00f3rter<\/p>\n","protected":false},"author":2,"featured_media":11849,"comment_status":"open","ping_status":"open","sticky":false,"template":"","format":"standard","meta":{"footnotes":""},"categories":[17],"tags":[],"class_list":["post-11848","post","type-post","status-publish","format-standard","has-post-thumbnail","hentry","category-outras-noticias"],"_links":{"self":[{"href":"https:\/\/tvc16.com\/portal\/wp-json\/wp\/v2\/posts\/11848","targetHints":{"allow":["GET"]}}],"collection":[{"href":"https:\/\/tvc16.com\/portal\/wp-json\/wp\/v2\/posts"}],"about":[{"href":"https:\/\/tvc16.com\/portal\/wp-json\/wp\/v2\/types\/post"}],"author":[{"embeddable":true,"href":"https:\/\/tvc16.com\/portal\/wp-json\/wp\/v2\/users\/2"}],"replies":[{"embeddable":true,"href":"https:\/\/tvc16.com\/portal\/wp-json\/wp\/v2\/comments?post=11848"}],"version-history":[{"count":1,"href":"https:\/\/tvc16.com\/portal\/wp-json\/wp\/v2\/posts\/11848\/revisions"}],"predecessor-version":[{"id":11850,"href":"https:\/\/tvc16.com\/portal\/wp-json\/wp\/v2\/posts\/11848\/revisions\/11850"}],"wp:featuredmedia":[{"embeddable":true,"href":"https:\/\/tvc16.com\/portal\/wp-json\/wp\/v2\/media\/11849"}],"wp:attachment":[{"href":"https:\/\/tvc16.com\/portal\/wp-json\/wp\/v2\/media?parent=11848"}],"wp:term":[{"taxonomy":"category","embeddable":true,"href":"https:\/\/tvc16.com\/portal\/wp-json\/wp\/v2\/categories?post=11848"},{"taxonomy":"post_tag","embeddable":true,"href":"https:\/\/tvc16.com\/portal\/wp-json\/wp\/v2\/tags?post=11848"}],"curies":[{"name":"wp","href":"https:\/\/api.w.org\/{rel}","templated":true}]}}