{"id":1185,"date":"2020-09-24T18:02:59","date_gmt":"2020-09-24T18:02:59","guid":{"rendered":"https:\/\/tvc16.com\/portal\/?p=1185"},"modified":"2020-09-24T18:02:59","modified_gmt":"2020-09-24T18:02:59","slug":"operacao-covid-19-mobilizou-quase-30-mil-militares-em-seis-meses","status":"publish","type":"post","link":"https:\/\/tvc16.com\/portal\/2020\/09\/24\/operacao-covid-19-mobilizou-quase-30-mil-militares-em-seis-meses\/","title":{"rendered":"Opera\u00e7\u00e3o Covid-19 mobilizou quase 30 mil militares em seis meses"},"content":{"rendered":"\n<p>Balan\u00e7o foi feito pelo ministro da Defesa, Fernando Azevedo e Silva<\/p>\n\n\n\n<p>A Opera\u00e7\u00e3o Covid-19 do Minist\u00e9rio da Defesa mobilizou 28.729 militares em 180 dias, apresentou&nbsp;hoje&nbsp;(24) o ministro, Fernando Azevedo e Silva, em um balan\u00e7o de seis meses das a\u00e7\u00f5es. O general participou da 17\u00aa edi\u00e7\u00e3o da Confer\u00eancia de Seguran\u00e7a Internacional do Forte de Copacabana, realizada via internet devido \u00e0 pandemia e organizada pela Funda\u00e7\u00e3o Konrad Adenauer (KAS) e pelo Centro Brasileiro de Rela\u00e7\u00f5es Internacionais (Cebri).<img decoding=\"async\" src=\"https:\/\/agenciabrasil.ebc.com.br\/ebc.png?id=1388845&amp;o=node\"><img decoding=\"async\" src=\"https:\/\/agenciabrasil.ebc.com.br\/ebc.gif?id=1388845&amp;o=node\"><\/p>\n\n\n\n<p>Segundo o ministro, foram montadas 4.811 barreiras sanit\u00e1rias e 2.445 postos de triagem. Foram realizadas ainda 11.255 a\u00e7\u00f5es na fronteira, 6.249 descontamina\u00e7\u00f5es em locais p\u00fablicos e 6.722 campanhas de conscientiza\u00e7\u00e3o. Segundo o Minist\u00e9rio da Defesa, 15.366 pessoas foram capacitadas durante a opera\u00e7\u00e3o que completou seis meses na \u00faltima&nbsp;segunda-feira (21).<\/p>\n\n\n\n<p>O minist\u00e9rio informou ainda que distribuiu mais de 1 milh\u00e3o de kits de alimentos e produziu 627.917 m\u00e1scaras e 24.555 litros de \u00e1lcool em gel.<\/p>\n\n\n\n<p>&#8220;\u00c9 uma ajuda efetiva que as For\u00e7as Armadas t\u00eam dado em um momento t\u00e3o dif\u00edcil no mundo e no Brasil&#8221;, disse o ministro.<\/p>\n\n\n\n<p>Azevedo e Silva informou ainda que as For\u00e7as Armadas realizaram 28.500 atendimentos em comunidades ind\u00edgenas na Amaz\u00f4nia Ocidental, que inclui os estados do Amazonas, Acre, Roraima e Rond\u00f4nia. Segundo o balan\u00e7o apresentado, 87 mil ind\u00edgenas foram atendidos e 38 toneladas de alimentos foram levadas as essas popula\u00e7\u00f5es.<\/p>\n\n\n\n<h2 class=\"wp-block-heading\">Opera\u00e7\u00e3o Verde Brasil 2<\/h2>\n\n\n\n<p>O ministro se desculpou por enviar um v\u00eddeo gravado \u00e0 confer\u00eancia, que contou com o embaixador da Uni\u00e3o Europeia no Brasil, Ignacio Yba\u00f1ez, e com o chefe de Assuntos Externos do Parlamento Europeu, David McAllister. Azevedo e Silva explicou que n\u00e3o p\u00f4de participar ao vivo por causa de uma viagem previamente marcada.<\/p>\n\n\n\n<p>Na mesma apresenta\u00e7\u00e3o, o ministro mostrou tamb\u00e9m um balan\u00e7o encerrado em&nbsp;15 de setembro&nbsp;com dados da Opera\u00e7\u00e3o Verde Brasil 2, de combate ao desmatamento na Amaz\u00f4nia. Segundo as informa\u00e7\u00f5es mostradas, j\u00e1 foram apreendidos 29.476 metros c\u00fabicos de madeira e aplicados R$ 1,38 bilh\u00e3o em multas. As a\u00e7\u00f5es embargaram 33.012 hectares.<\/p>\n\n\n\n<p>Foram confiscadas 56,9 toneladas de minerais extra\u00eddos de forma irregular. As apreens\u00f5es somam ainda 882 embarca\u00e7\u00f5es e 329 ve\u00edculos.&nbsp;<\/p>\n\n\n\n<h2 class=\"wp-block-heading\">Queimadas<\/h2>\n\n\n\n<p>O ministro destacou ainda o trabalho das&nbsp;For\u00e7as Armadas no&nbsp;combate a inc\u00eandios em outros biomas do pa\u00eds.&nbsp;<\/p>\n\n\n\n<p>&#8220;Temos apoio no combate a esses inc\u00eandios. Entrou uma \u00e9poca nesse ano de 2020 de muita seca e muito quente. Na Serra da Mantiqueira n\u00f3s ajudamos a combater. No Pantanal, agora, estamos com um efetivo razo\u00e1vel e meios a\u00e9reos, lan\u00e7ando \u00e1gua&#8221;<\/p>\n\n\n\n<p>Por Vin\u00edcius Lisboa &#8211; Rep\u00f3rter da Ag\u00eancia Brasil &#8211; Rio de Janeiro<\/p>\n\n\n\n<p>Edi\u00e7\u00e3o: L\u00edlian Beraldo<\/p>\n","protected":false},"excerpt":{"rendered":"<p>Balan\u00e7o foi feito pelo ministro da Defesa, Fernando Azevedo e Silva A Opera\u00e7\u00e3o Covid-19 do<\/p>\n","protected":false},"author":2,"featured_media":1186,"comment_status":"open","ping_status":"open","sticky":false,"template":"","format":"standard","meta":{"footnotes":""},"categories":[14],"tags":[],"class_list":["post-1185","post","type-post","status-publish","format-standard","has-post-thumbnail","hentry","category-pais"],"_links":{"self":[{"href":"https:\/\/tvc16.com\/portal\/wp-json\/wp\/v2\/posts\/1185","targetHints":{"allow":["GET"]}}],"collection":[{"href":"https:\/\/tvc16.com\/portal\/wp-json\/wp\/v2\/posts"}],"about":[{"href":"https:\/\/tvc16.com\/portal\/wp-json\/wp\/v2\/types\/post"}],"author":[{"embeddable":true,"href":"https:\/\/tvc16.com\/portal\/wp-json\/wp\/v2\/users\/2"}],"replies":[{"embeddable":true,"href":"https:\/\/tvc16.com\/portal\/wp-json\/wp\/v2\/comments?post=1185"}],"version-history":[{"count":1,"href":"https:\/\/tvc16.com\/portal\/wp-json\/wp\/v2\/posts\/1185\/revisions"}],"predecessor-version":[{"id":1187,"href":"https:\/\/tvc16.com\/portal\/wp-json\/wp\/v2\/posts\/1185\/revisions\/1187"}],"wp:featuredmedia":[{"embeddable":true,"href":"https:\/\/tvc16.com\/portal\/wp-json\/wp\/v2\/media\/1186"}],"wp:attachment":[{"href":"https:\/\/tvc16.com\/portal\/wp-json\/wp\/v2\/media?parent=1185"}],"wp:term":[{"taxonomy":"category","embeddable":true,"href":"https:\/\/tvc16.com\/portal\/wp-json\/wp\/v2\/categories?post=1185"},{"taxonomy":"post_tag","embeddable":true,"href":"https:\/\/tvc16.com\/portal\/wp-json\/wp\/v2\/tags?post=1185"}],"curies":[{"name":"wp","href":"https:\/\/api.w.org\/{rel}","templated":true}]}}