{"id":11857,"date":"2021-03-26T09:28:52","date_gmt":"2021-03-26T12:28:52","guid":{"rendered":"https:\/\/tvc16.com\/portal\/?p=11857"},"modified":"2021-03-26T09:28:55","modified_gmt":"2021-03-26T12:28:55","slug":"pf-investiga-aplicacao-irregular-de-vacinas-em-empresa-de-viacao-em-bh","status":"publish","type":"post","link":"https:\/\/tvc16.com\/portal\/2021\/03\/26\/pf-investiga-aplicacao-irregular-de-vacinas-em-empresa-de-viacao-em-bh\/","title":{"rendered":"PF investiga aplica\u00e7\u00e3o irregular de vacinas em empresa de via\u00e7\u00e3o em BH"},"content":{"rendered":"\n<h3 class=\"wp-block-heading\">Est\u00e3o sendo cumpridos quatro mandados de busca e apreens\u00e3o<\/h3>\n\n\n\n<h3 class=\"wp-block-heading\">Por Pedro Peduzzi &#8211; Rep\u00f3rter da Ag\u00eancia Brasil &#8211; Bras\u00edlia<\/h3>\n\n\n\n<p>A Pol\u00edcia Federal deflagrou hoje (26) a Opera\u00e7\u00e3o Camarote, por meio da qual investiga \u201csuposta importa\u00e7\u00e3o\u201d e \u201cadministra\u00e7\u00e3o irregular de vacinas\u201d que teria ocorrido na garagem da empresa de via\u00e7\u00e3o Saritur, em Belo Horizonte (MG).<img decoding=\"async\" src=\"https:\/\/agenciabrasil.ebc.com.br\/ebc.png?id=1405114&amp;o=node\"><img decoding=\"async\" src=\"https:\/\/agenciabrasil.ebc.com.br\/ebc.gif?id=1405114&amp;o=node\"><\/p>\n\n\n\n<p>As suspeitas de que a vacina teria sido aplicada irregularmente no local surgiram ap\u00f3s a divulga\u00e7\u00e3o de um v\u00eddeo, em mat\u00e9ria publicada no&nbsp;<em>site<\/em>&nbsp;da revista&nbsp;<em>Piau\u00ed<\/em>.<\/p>\n\n\n\n<p>Quatro mandados de busca e apreens\u00e3o est\u00e3o sendo cumpridos por determina\u00e7\u00e3o da 35\u00aa Vara Federal Criminal de Belo Horizonte, com o objetivo de \u201cangariar provas acerca dos fatos noticiados\u201d.<\/p>\n\n\n\n<p>De acordo com a PF, a suspeita \u00e9 de que houve importa\u00e7\u00e3o irregular e recepta\u00e7\u00e3o de vacinas contra covid-19, o que configuraria a pr\u00e1tica dos delitos segundo o C\u00f3digo Penal, tanto pelos importadores como pelos que teriam recebido a vacina. O delito poder\u00e1 ser agravado caso tenha ocorrido antes de a lei que aprova o uso da vacina ter entrado em vigor ou caso ela tenha sido aplicada antes de seu registro junto \u00e0 Ag\u00eancia Nacional de Vigil\u00e2ncia Sanit\u00e1ria.<\/p>\n\n\n\n<p>Edi\u00e7\u00e3o: Val\u00e9ria Aguiar<\/p>\n","protected":false},"excerpt":{"rendered":"<p>Est\u00e3o sendo cumpridos quatro mandados de busca e apreens\u00e3o Por Pedro Peduzzi &#8211; Rep\u00f3rter da<\/p>\n","protected":false},"author":2,"featured_media":11858,"comment_status":"open","ping_status":"open","sticky":false,"template":"","format":"standard","meta":{"footnotes":""},"categories":[17],"tags":[],"class_list":["post-11857","post","type-post","status-publish","format-standard","has-post-thumbnail","hentry","category-outras-noticias"],"_links":{"self":[{"href":"https:\/\/tvc16.com\/portal\/wp-json\/wp\/v2\/posts\/11857","targetHints":{"allow":["GET"]}}],"collection":[{"href":"https:\/\/tvc16.com\/portal\/wp-json\/wp\/v2\/posts"}],"about":[{"href":"https:\/\/tvc16.com\/portal\/wp-json\/wp\/v2\/types\/post"}],"author":[{"embeddable":true,"href":"https:\/\/tvc16.com\/portal\/wp-json\/wp\/v2\/users\/2"}],"replies":[{"embeddable":true,"href":"https:\/\/tvc16.com\/portal\/wp-json\/wp\/v2\/comments?post=11857"}],"version-history":[{"count":1,"href":"https:\/\/tvc16.com\/portal\/wp-json\/wp\/v2\/posts\/11857\/revisions"}],"predecessor-version":[{"id":11859,"href":"https:\/\/tvc16.com\/portal\/wp-json\/wp\/v2\/posts\/11857\/revisions\/11859"}],"wp:featuredmedia":[{"embeddable":true,"href":"https:\/\/tvc16.com\/portal\/wp-json\/wp\/v2\/media\/11858"}],"wp:attachment":[{"href":"https:\/\/tvc16.com\/portal\/wp-json\/wp\/v2\/media?parent=11857"}],"wp:term":[{"taxonomy":"category","embeddable":true,"href":"https:\/\/tvc16.com\/portal\/wp-json\/wp\/v2\/categories?post=11857"},{"taxonomy":"post_tag","embeddable":true,"href":"https:\/\/tvc16.com\/portal\/wp-json\/wp\/v2\/tags?post=11857"}],"curies":[{"name":"wp","href":"https:\/\/api.w.org\/{rel}","templated":true}]}}