{"id":11863,"date":"2021-03-26T09:30:57","date_gmt":"2021-03-26T12:30:57","guid":{"rendered":"https:\/\/tvc16.com\/portal\/?p=11863"},"modified":"2021-03-26T09:31:00","modified_gmt":"2021-03-26T12:31:00","slug":"pascoa-de-2021-deve-ter-retracao-das-vendas-no-varejo-diz-cnc","status":"publish","type":"post","link":"https:\/\/tvc16.com\/portal\/2021\/03\/26\/pascoa-de-2021-deve-ter-retracao-das-vendas-no-varejo-diz-cnc\/","title":{"rendered":"P\u00e1scoa de 2021 deve ter retra\u00e7\u00e3o das vendas no varejo, diz CNC"},"content":{"rendered":"\n<h3 class=\"wp-block-heading\">Para a confedera\u00e7\u00e3o, ser\u00e1 o menor faturamento em 13 anos<\/h3>\n\n\n\n<h4 class=\"wp-block-heading\">Por Alana Gandra &#8211; Rep\u00f3rter da Ag\u00eancia Brasil &#8211; Rio de Janeiro<\/h4>\n\n\n\n<p>A expectativa da Confedera\u00e7\u00e3o Nacional do Com\u00e9rcio de Bens, Servi\u00e7os e Turismo (CNC) para a P\u00e1scoa de 2021 \u00e9 de queda nas vendas de 2,2%, em compara\u00e7\u00e3o \u00e0 mesma data do ano passado, que foi considerada muito ruim, com retra\u00e7\u00e3o de 28,7%. A data deve movimentar no varejo do pa\u00eds R$ 1,62 bilh\u00e3o.<img decoding=\"async\" src=\"https:\/\/agenciabrasil.ebc.com.br\/ebc.png?id=1405103&amp;o=node\"><img decoding=\"async\" src=\"https:\/\/agenciabrasil.ebc.com.br\/ebc.gif?id=1405103&amp;o=node\"><\/p>\n\n\n\n<p>\u201cSe confirmada essa expectativa, vai ser o menor faturamento em 13 anos. Desde 2008 que o faturamento do varejo com a P\u00e1scoa n\u00e3o \u00e9 t\u00e3o pequeno como esse que a gente est\u00e1 esperando\u201d, disse \u00e0&nbsp;<strong>Ag\u00eancia Brasil<\/strong>&nbsp;o economista senior da CNC, Fabio Bentes. As estat\u00edsticas mostram que o movimento de vendas da P\u00e1scoa \u00e9 crescente ano a ano at\u00e9 2019, com pequenas oscila\u00e7\u00f5es, e despenca em 2020. O faturamento caiu de R$ 2,33 bilh\u00f5es, em 2019, para R$ 1,66 bilh\u00e3o, no ano seguinte.<\/p>\n\n\n\n<p>A varia\u00e7\u00e3o do d\u00f3lar, que subiu 23% entre a P\u00e1scoa de 2020 e a deste ano, explica a expectativa negativa para o per\u00edodo, que \u00e9 considerado a&nbsp;sexta&nbsp;data comemorativa mais importante para o com\u00e9rcio varejista brasileiro, depois do&nbsp;Natal, Dia das M\u00e3es, Dia dos Pa\u00eds, Dia das Crian\u00e7as e Black Friday.<\/p>\n\n\n\n<p>\u201cO d\u00f3lar ficou 23% mais caro\u201d. E como a P\u00e1scoa envolve produtos importados ou insumos importados, significa que ou o varejo importava esses produtos e aumentava o pre\u00e7o, ou n\u00e3o importava, argumentou Fabio Bentes. \u201cE a op\u00e7\u00e3o que o varejo fez foi reduzir as importa\u00e7\u00f5es este ano, porque o consumidor brasileiro n\u00e3o aguenta um aumento expressivo de pre\u00e7os, ainda mais para itens n\u00e3o essenciais como esses\u201d.<\/p>\n\n\n\n<p>Com isso, a importa\u00e7\u00e3o de chocolates, por exemplo, somou 3 mil toneladas em 2021, a menor quantidade desde 2013. O mesmo aconteceu com o bacalhau, cuja importa\u00e7\u00e3o totalizou 2,2 mil toneladas, menor patamar desde 2009, segundo a CNC.<\/p>\n\n\n\n<p>O economista comentou que \u201co varejo n\u00e3o apostou na P\u00e1scoa deste ano porque percebia que a situa\u00e7\u00e3o da economia e as conjun\u00e7\u00f5es de consumo n\u00e3o iam bem. Isso explica a op\u00e7\u00e3o por n\u00e3o importar, em vez de promover reajuste de pre\u00e7os muito acima da m\u00e9dia\u201d. A previs\u00e3o da CNC para o carro-chefe da P\u00e1scoa, que s\u00e3o os chocolates, \u00e9 de alta no pre\u00e7o de 7%, de modo geral.<\/p>\n\n\n\n<p>Bentes destacou que a queda de 2,2%, prevista para a P\u00e1scoa de 2021, n\u00e3o pode ser analisada isoladamente. Ela tem que ser contextualizada, levando em considera\u00e7\u00e3o o estrago provocado pela crise do ano passado nessa data comemorativa, em decorr\u00eancia da pandemia de covid-19. \u201cEnt\u00e3o, uma queda de 2,2% em cima de uma queda de 28%, a gente est\u00e1 falando de retra\u00e7\u00e3o de 30% em rela\u00e7\u00e3o ao que o varejo vendia em 2019\u201d, observou.<\/p>\n\n\n\n<h2 class=\"wp-block-heading\">Vis\u00e3o positiva<\/h2>\n\n\n\n<p>Ao contr\u00e1rio da CNC, o levantamento feito pelo Instituto Fecom\u00e9rcio de Pesquisas e An\u00e1lises (IFec RJ) para o estado do Rio&nbsp;de Janeiro, estima que a P\u00e1scoa ser\u00e1 mais positiva para o com\u00e9rcio fluminense, e dever\u00e1 movimentar R$ 829 milh\u00f5es, contra R$ 518 milh\u00f5es na mesma data do ano passado. A pesquisa foi realizada entre os dias 15 e&nbsp;18 de mar\u00e7o e contou com a participa\u00e7\u00e3o de 389 consumidores de todo o estado.<\/p>\n\n\n\n<p>De acordo com a sondagem, cerca de 8,3 milh\u00f5es (59,6%) de fluminenses est\u00e3o com a inten\u00e7\u00e3o de presentear na data, contra 4,8 milh\u00f5es no ano passado (37,6%). O n\u00famero de consumidores que demonstraram inten\u00e7\u00e3o de presentear aumentou 22 pontos percentuais de um ano para outro.<\/p>\n\n\n\n<p>Na P\u00e1scoa de 2021, 40,4% dos entrevistados revelaram que n\u00e3o devem dar presentes. No ano anterior, esse percentual foi 62,4%. Para o IFec, o levantamento mostra uma melhora em rela\u00e7\u00e3o \u00e0 fase aguda da pandemia, mas ainda abaixo dos resultados pr\u00e9-pandemia, observados em 2019.<\/p>\n\n\n\n<p>Os itens que devem ser mais procurados s\u00e3o ovos de chocolate (59,4%), bombons (51,8%) e barras de chocolate (46,7%), seguidos por bichinhos de pel\u00facia (6,1%), cesta de P\u00e1scoa (5,1%) e colomba pascal (4,6%). Cada consumidor deve gastar, em m\u00e9dia, R$ 99,70, valor que se manteve praticamente est\u00e1vel se comparado \u00e0 2020. Dos que pretendem presentear, 53,8% manifestaram a inten\u00e7\u00e3o de dar mais uma op\u00e7\u00e3o.<\/p>\n\n\n\n<p>Questionados sobre onde far\u00e3o suas compras, a maior parte dos consultados respondeu que se dividiria entre lojas f\u00edsicas e&nbsp;<em>online<\/em>&nbsp;(60,4%), seguindo-se s\u00f3 loja f\u00edsica (26,4%) e s\u00f3&nbsp;<em>online<\/em>&nbsp;(13,2%).<\/p>\n\n\n\n<h2 class=\"wp-block-heading\">Crescimento<\/h2>\n\n\n\n<p>De acordo com estimativa do Clube de Diretores Lojistas do Rio&nbsp;de Janeiro&nbsp;(CDLRio) e do Sindicato dos Lojistas do Com\u00e9rcio do Munic\u00edpio do Rio&nbsp;de Janeiro&nbsp;(SindilojasRio), o com\u00e9rcio varejista espera crescimento de 1% nas vendas para a P\u00e1scoa, a primeira data comemorativa do ano para o setor. Na mesma data de 2020, no in\u00edcio da pandemia do novo coronav\u00edrus, o com\u00e9rcio carioca registrou queda de 38% nas vendas. Juntos, o CDLRio e o SindilojasRio, representam mais de 30 mil lojistas.<\/p>\n\n\n\n<p>Segundo informou o presidente das duas entidades, Aldo Gon\u00e7alves, a P\u00e1scoa n\u00e3o se restringe mais \u00e0 venda de ovos de chocolate e caixas de bombons, mas se expandiu para o varejo dos setores de brinquedos, vestu\u00e1rio, cal\u00e7ados e bolsas, papelaria, perfumaria e cosm\u00e9ticos, joias e bijuterias, eletrodom\u00e9sticos, utens\u00edlios para o lar e telefones celulares<\/p>\n\n\n\n<p>Aldo Gon\u00e7alves afirmou que, nos \u00faltimos anos, \u201co com\u00e9rcio passou a apostar na P\u00e1scoa como um&nbsp;novo fil\u00e3o de vendas, oferecendo outros produtos al\u00e9m de chocolates, atraindo a aten\u00e7\u00e3o n\u00e3o apenas das crian\u00e7as, mas tamb\u00e9m dos adultos, dos casais e dos namorados\u201d.<\/p>\n\n\n\n<p>Edi\u00e7\u00e3o: Gra\u00e7a Adjuto<\/p>\n","protected":false},"excerpt":{"rendered":"<p>Para a confedera\u00e7\u00e3o, ser\u00e1 o menor faturamento em 13 anos Por Alana Gandra &#8211; Rep\u00f3rter<\/p>\n","protected":false},"author":2,"featured_media":11864,"comment_status":"open","ping_status":"open","sticky":false,"template":"","format":"standard","meta":{"footnotes":""},"categories":[17],"tags":[],"class_list":["post-11863","post","type-post","status-publish","format-standard","has-post-thumbnail","hentry","category-outras-noticias"],"_links":{"self":[{"href":"https:\/\/tvc16.com\/portal\/wp-json\/wp\/v2\/posts\/11863","targetHints":{"allow":["GET"]}}],"collection":[{"href":"https:\/\/tvc16.com\/portal\/wp-json\/wp\/v2\/posts"}],"about":[{"href":"https:\/\/tvc16.com\/portal\/wp-json\/wp\/v2\/types\/post"}],"author":[{"embeddable":true,"href":"https:\/\/tvc16.com\/portal\/wp-json\/wp\/v2\/users\/2"}],"replies":[{"embeddable":true,"href":"https:\/\/tvc16.com\/portal\/wp-json\/wp\/v2\/comments?post=11863"}],"version-history":[{"count":1,"href":"https:\/\/tvc16.com\/portal\/wp-json\/wp\/v2\/posts\/11863\/revisions"}],"predecessor-version":[{"id":11865,"href":"https:\/\/tvc16.com\/portal\/wp-json\/wp\/v2\/posts\/11863\/revisions\/11865"}],"wp:featuredmedia":[{"embeddable":true,"href":"https:\/\/tvc16.com\/portal\/wp-json\/wp\/v2\/media\/11864"}],"wp:attachment":[{"href":"https:\/\/tvc16.com\/portal\/wp-json\/wp\/v2\/media?parent=11863"}],"wp:term":[{"taxonomy":"category","embeddable":true,"href":"https:\/\/tvc16.com\/portal\/wp-json\/wp\/v2\/categories?post=11863"},{"taxonomy":"post_tag","embeddable":true,"href":"https:\/\/tvc16.com\/portal\/wp-json\/wp\/v2\/tags?post=11863"}],"curies":[{"name":"wp","href":"https:\/\/api.w.org\/{rel}","templated":true}]}}