{"id":11866,"date":"2021-03-26T09:32:36","date_gmt":"2021-03-26T12:32:36","guid":{"rendered":"https:\/\/tvc16.com\/portal\/?p=11866"},"modified":"2021-03-26T09:32:40","modified_gmt":"2021-03-26T12:32:40","slug":"covid-19-feriadao-de-dez-dias-comeca-hoje-no-estado-do-rio","status":"publish","type":"post","link":"https:\/\/tvc16.com\/portal\/2021\/03\/26\/covid-19-feriadao-de-dez-dias-comeca-hoje-no-estado-do-rio\/","title":{"rendered":"Covid-19: feriad\u00e3o de dez dias come\u00e7a hoje no estado do Rio"},"content":{"rendered":"\n<h3 class=\"wp-block-heading\">Eles v\u00e3o terminar no domingo de P\u00e1scoa: 4 de abril<\/h3>\n\n\n\n<ul class=\"wp-block-list\"><li>Por Vitor Abdala &#8211; Rep\u00f3rter da Ag\u00eancia Brasil &#8211; Rio de Janeiro<\/li><\/ul>\n\n\n\n<p>Os feriados de dez dias come\u00e7am hoje (26) em todo o estado do Rio de Janeiro e terminam no domingo de P\u00e1scoa &#8211; 4 de abril. A finalidade \u00e9 frear a expans\u00e3o da covid-19. S\u00e3o quatro dias de fim de semana e mais seis dias de feriados, incluindo a sexta-feira santa (2), a antecipa\u00e7\u00e3o de dois feriados de abril (Tiradentes, que seria no dia 21, e S\u00e3o Jorge, no dia 23) e a cria\u00e7\u00e3o de tr\u00eas feriados extraordin\u00e1rios.<img decoding=\"async\" src=\"https:\/\/agenciabrasil.ebc.com.br\/ebc.png?id=1405108&amp;o=node\"><img decoding=\"async\" src=\"https:\/\/agenciabrasil.ebc.com.br\/ebc.gif?id=1405108&amp;o=node\"><\/p>\n\n\n\n<p>Ser\u00e1, no entanto, um feriad\u00e3o para permanecer em casa, uma vez que as praias de todo o estado est\u00e3o fechadas e algumas cidades tur\u00edsticas apresentam restri\u00e7\u00e3o de entrada para n\u00e3o moradores. A pr\u00f3pria capital est\u00e1 proibindo a entrada de \u00f4nibus fretados. Outros munic\u00edpios tamb\u00e9m podem montar barreiras para esse tipo de \u00f4nibus.<\/p>\n\n\n\n<p>Restri\u00e7\u00f5es valem tamb\u00e9m para as divers\u00f5es noturnas. Casas de shows e boates n\u00e3o poder\u00e3o abrir. Bares e restaurantes s\u00f3 poder\u00e3o receber clientes at\u00e9 as 21h e ter\u00e3o que encerrar suas atividades \u00e0s 23h.<\/p>\n\n\n\n<h2 class=\"wp-block-heading\">Shoppings ter\u00e3o restri\u00e7\u00f5es<\/h2>\n\n\n\n<p>H\u00e1 restri\u00e7\u00f5es ainda para hor\u00e1rio de funcionamento de shoppings, que s\u00f3 poder\u00e3o funcionar das 12h \u00e0s 20h, com no m\u00e1ximo 40% de sua capacidade.<\/p>\n\n\n\n<p>Em alguns munic\u00edpios, no entanto, as regras s\u00e3o ainda mais r\u00edgidas. Na capital, por exemplo, bares, restaurantes e quiosques de praia n\u00e3o poder\u00e3o abrir para perman\u00eancia de clientes, apenas para entregas,&nbsp;<em>drive thru<\/em>&nbsp;e coleta de refei\u00e7\u00f5es para consumo em casa.<\/p>\n\n\n\n<p>Tamb\u00e9m ficar\u00e3o fechadas atra\u00e7\u00f5es culturais e de lazer como museus, cinemas, parques de divers\u00e3o, aqu\u00e1rios e jardins zool\u00f3gicos.<\/p>\n\n\n\n<p>Na cidade do Rio de Janeiro, os \u00f4nibus regulares e o metr\u00f4 continuam funcionando normalmente.<\/p>\n\n\n\n<p>Edi\u00e7\u00e3o: Kleber Sampaio<\/p>\n","protected":false},"excerpt":{"rendered":"<p>Eles v\u00e3o terminar no domingo de P\u00e1scoa: 4 de abril Por Vitor Abdala &#8211; Rep\u00f3rter<\/p>\n","protected":false},"author":2,"featured_media":11867,"comment_status":"open","ping_status":"open","sticky":false,"template":"","format":"standard","meta":{"footnotes":""},"categories":[17],"tags":[],"class_list":["post-11866","post","type-post","status-publish","format-standard","has-post-thumbnail","hentry","category-outras-noticias"],"_links":{"self":[{"href":"https:\/\/tvc16.com\/portal\/wp-json\/wp\/v2\/posts\/11866","targetHints":{"allow":["GET"]}}],"collection":[{"href":"https:\/\/tvc16.com\/portal\/wp-json\/wp\/v2\/posts"}],"about":[{"href":"https:\/\/tvc16.com\/portal\/wp-json\/wp\/v2\/types\/post"}],"author":[{"embeddable":true,"href":"https:\/\/tvc16.com\/portal\/wp-json\/wp\/v2\/users\/2"}],"replies":[{"embeddable":true,"href":"https:\/\/tvc16.com\/portal\/wp-json\/wp\/v2\/comments?post=11866"}],"version-history":[{"count":1,"href":"https:\/\/tvc16.com\/portal\/wp-json\/wp\/v2\/posts\/11866\/revisions"}],"predecessor-version":[{"id":11868,"href":"https:\/\/tvc16.com\/portal\/wp-json\/wp\/v2\/posts\/11866\/revisions\/11868"}],"wp:featuredmedia":[{"embeddable":true,"href":"https:\/\/tvc16.com\/portal\/wp-json\/wp\/v2\/media\/11867"}],"wp:attachment":[{"href":"https:\/\/tvc16.com\/portal\/wp-json\/wp\/v2\/media?parent=11866"}],"wp:term":[{"taxonomy":"category","embeddable":true,"href":"https:\/\/tvc16.com\/portal\/wp-json\/wp\/v2\/categories?post=11866"},{"taxonomy":"post_tag","embeddable":true,"href":"https:\/\/tvc16.com\/portal\/wp-json\/wp\/v2\/tags?post=11866"}],"curies":[{"name":"wp","href":"https:\/\/api.w.org\/{rel}","templated":true}]}}