{"id":11872,"date":"2021-03-26T14:41:56","date_gmt":"2021-03-26T17:41:56","guid":{"rendered":"https:\/\/tvc16.com\/portal\/?p=11872"},"modified":"2021-03-26T14:41:59","modified_gmt":"2021-03-26T17:41:59","slug":"celebracao-da-semana-santa-tera-restricao-devido-a-causa-do-covid-19","status":"publish","type":"post","link":"https:\/\/tvc16.com\/portal\/2021\/03\/26\/celebracao-da-semana-santa-tera-restricao-devido-a-causa-do-covid-19\/","title":{"rendered":"Celebra\u00e7\u00e3o da semana santa ter\u00e1 restri\u00e7\u00e3o devido a causa do Covid-19"},"content":{"rendered":"\n<p>A partir deste domingo, a Igreja Cat\u00f3lica inicia a celebra\u00e7\u00e3o da Semana Santa e pelo segundo ano consecutivo com restri\u00e7\u00f5es a participa\u00e7\u00e3o dos fi\u00e9is e tomando todas as medidas de seguran\u00e7a sanit\u00e1ria, como uso de \u00e1lcool em gel e distanciamento social. O bispo diocesano, Dom Greg\u00f3rio Paix\u00e3o, OSB, recentemente divulgou as orienta\u00e7\u00f5es para semana santa, onde reafirma que est\u00e1 ainda em vigor o decreto diocesano de outubro de 2020, quando estabeleceu as regras para participa\u00e7\u00e3o dos fi\u00e9is nas celebra\u00e7\u00f5es.<br>Devido ao aumento dos casos de Covid-19 e mortes, todas as par\u00f3quias da Diocese de Petr\u00f3polis, seguindo orienta\u00e7\u00e3o do bispo diocesano ampliaram hor\u00e1rio de missa e a transmiss\u00e3o das celebra\u00e7\u00f5es para que os fi\u00e9is possam participar de forma on-line. \u201cEstamos tomando todas as medidas para garantir que as celebra\u00e7\u00f5es ocorram com toda seguran\u00e7a para os fi\u00e9is\u201d, afirmou o bispo, lembrando que no interior das igrejas somente \u00e9 permitida a presen\u00e7a de pessoas usando m\u00e1scaras.<br>A programa\u00e7\u00e3o da Semana Santa na Diocese de Petr\u00f3polis pode ser conferida no site www.diocesepetropolis.org.br. No dia 1\u00ba de abril, o bispo presidi a missa dos Santos \u00d3leos, \u00e0s 9h, na Catedral S\u00e3o Pedro de Alc\u00e2ntara. No entanto, como em 2020 a missa ser\u00e1 restrita aos sacerdotes, sem a participa\u00e7\u00e3o dos fi\u00e9is, para que os padres possam manter o distanciamento social durante a celebra\u00e7\u00e3o. Nesta missa, al\u00e9m de aben\u00e7oar os \u00f3leos para os sacramentos do Crisma, Batismo e Un\u00e7\u00e3o dos Enfermos, os padres renovam o compromisso sacerdotal, manifestando unidade com o bispo diocesano.<br>Neste mesmo dia \u00e0 noite, a Igreja Cat\u00f3lica celebra a missa a Ceia do Senhor, lembrando o momento quando Jesus Cristo instituiu a eucaristia. Na sexta-feira, celebra a Paix\u00e3o de Jesus, lembrando sua morte na cruz e no s\u00e1bado a Vig\u00edlia Pascal recordando a ressurrei\u00e7\u00e3o de Jesus, celebrando a P\u00e1scoa.<\/p>\n","protected":false},"excerpt":{"rendered":"<p>A partir deste domingo, a Igreja Cat\u00f3lica inicia a celebra\u00e7\u00e3o da Semana Santa e pelo<\/p>\n","protected":false},"author":2,"featured_media":11873,"comment_status":"open","ping_status":"open","sticky":false,"template":"","format":"standard","meta":{"footnotes":""},"categories":[12],"tags":[],"class_list":["post-11872","post","type-post","status-publish","format-standard","has-post-thumbnail","hentry","category-cidade"],"_links":{"self":[{"href":"https:\/\/tvc16.com\/portal\/wp-json\/wp\/v2\/posts\/11872","targetHints":{"allow":["GET"]}}],"collection":[{"href":"https:\/\/tvc16.com\/portal\/wp-json\/wp\/v2\/posts"}],"about":[{"href":"https:\/\/tvc16.com\/portal\/wp-json\/wp\/v2\/types\/post"}],"author":[{"embeddable":true,"href":"https:\/\/tvc16.com\/portal\/wp-json\/wp\/v2\/users\/2"}],"replies":[{"embeddable":true,"href":"https:\/\/tvc16.com\/portal\/wp-json\/wp\/v2\/comments?post=11872"}],"version-history":[{"count":1,"href":"https:\/\/tvc16.com\/portal\/wp-json\/wp\/v2\/posts\/11872\/revisions"}],"predecessor-version":[{"id":11874,"href":"https:\/\/tvc16.com\/portal\/wp-json\/wp\/v2\/posts\/11872\/revisions\/11874"}],"wp:featuredmedia":[{"embeddable":true,"href":"https:\/\/tvc16.com\/portal\/wp-json\/wp\/v2\/media\/11873"}],"wp:attachment":[{"href":"https:\/\/tvc16.com\/portal\/wp-json\/wp\/v2\/media?parent=11872"}],"wp:term":[{"taxonomy":"category","embeddable":true,"href":"https:\/\/tvc16.com\/portal\/wp-json\/wp\/v2\/categories?post=11872"},{"taxonomy":"post_tag","embeddable":true,"href":"https:\/\/tvc16.com\/portal\/wp-json\/wp\/v2\/tags?post=11872"}],"curies":[{"name":"wp","href":"https:\/\/api.w.org\/{rel}","templated":true}]}}