{"id":11878,"date":"2021-03-26T17:49:38","date_gmt":"2021-03-26T20:49:38","guid":{"rendered":"https:\/\/tvc16.com\/portal\/?p=11878"},"modified":"2021-03-26T17:49:40","modified_gmt":"2021-03-26T20:49:40","slug":"forca-tarefa-da-prefeitura-fiscaliza-cachoeiras","status":"publish","type":"post","link":"https:\/\/tvc16.com\/portal\/2021\/03\/26\/forca-tarefa-da-prefeitura-fiscaliza-cachoeiras\/","title":{"rendered":"For\u00e7a tarefa da prefeitura fiscaliza cachoeiras"},"content":{"rendered":"\n<p>Uma for\u00e7a tarefa do governo municipal, em parceria com o Instituto Estadual do Ambiente (Inea), est\u00e1 fiscalizando \u00e1reas de cachoeiras de Petr\u00f3polis nesta sexta-feira (26\/03). No munic\u00edpio est\u00e1 proibida a visita\u00e7\u00e3o a essas \u00e1reas. A determina\u00e7\u00e3o vale at\u00e9 o domingo de P\u00e1scoa (04\/04), com o objetivo de evitar aglomera\u00e7\u00f5es. A medida foi publicada junto com outras medidas de restri\u00e7\u00e3o no Di\u00e1rio Oficial de ontem.<\/p>\n\n\n\n<p>A Prefeitura tenta, com as medidas, desestimular a migra\u00e7\u00e3o de pessoas de fora para a cidade, buscando impedir o aumento da circula\u00e7\u00e3o dentro do munic\u00edpio e reduzir a taxa de cont\u00e1gio.<\/p>\n\n\n\n<p>\u201c\u00c9 importante que os moradores cumpram as determina\u00e7\u00f5es e mantenham o distanciamento social, evitem aglomera\u00e7\u00f5es e usem m\u00e1scaras. As medidas restritivas n\u00e3o s\u00e3o desejadas, mas s\u00e3o necess\u00e1rias. \u00c9 preciso deixar claro que, se n\u00e3o houver ades\u00e3o da popula\u00e7\u00e3o, se n\u00e3o conseguirmos reduzir a circula\u00e7\u00e3o de pessoas, podemos adotar medidas ainda mais duras\u201d, disse o prefeito interino Hingo Hammes, agradecendo a participa\u00e7\u00e3o de toda a equipe da Prefeitura, que se mobilizou para ajudar na fiscaliza\u00e7\u00e3o neste momento.<\/p>\n\n\n\n<p>\u201cAs cachoeiras s\u00e3o muito procuradas nos fins de semana. Ser\u00e1 necess\u00e1rio o apoio da popula\u00e7\u00e3o e o entendimento de que o momento \u00e9 de muita preocupa\u00e7\u00e3o\u201d, ressalta o secret\u00e1rio de Meio Ambiente, Edmardo Campbell, garantindo que as equipes de fiscaliza\u00e7\u00e3o atuar\u00e3o, junto com Companhia de Tr\u00e2nsito e Transportes (CPTrans), para evitar que o p\u00fablico frequente estes espa\u00e7os.<\/p>\n","protected":false},"excerpt":{"rendered":"<p>Uma for\u00e7a tarefa do governo municipal, em parceria com o Instituto Estadual do Ambiente (Inea),<\/p>\n","protected":false},"author":2,"featured_media":11879,"comment_status":"open","ping_status":"open","sticky":false,"template":"","format":"standard","meta":{"footnotes":""},"categories":[12],"tags":[],"class_list":["post-11878","post","type-post","status-publish","format-standard","has-post-thumbnail","hentry","category-cidade"],"_links":{"self":[{"href":"https:\/\/tvc16.com\/portal\/wp-json\/wp\/v2\/posts\/11878","targetHints":{"allow":["GET"]}}],"collection":[{"href":"https:\/\/tvc16.com\/portal\/wp-json\/wp\/v2\/posts"}],"about":[{"href":"https:\/\/tvc16.com\/portal\/wp-json\/wp\/v2\/types\/post"}],"author":[{"embeddable":true,"href":"https:\/\/tvc16.com\/portal\/wp-json\/wp\/v2\/users\/2"}],"replies":[{"embeddable":true,"href":"https:\/\/tvc16.com\/portal\/wp-json\/wp\/v2\/comments?post=11878"}],"version-history":[{"count":1,"href":"https:\/\/tvc16.com\/portal\/wp-json\/wp\/v2\/posts\/11878\/revisions"}],"predecessor-version":[{"id":11880,"href":"https:\/\/tvc16.com\/portal\/wp-json\/wp\/v2\/posts\/11878\/revisions\/11880"}],"wp:featuredmedia":[{"embeddable":true,"href":"https:\/\/tvc16.com\/portal\/wp-json\/wp\/v2\/media\/11879"}],"wp:attachment":[{"href":"https:\/\/tvc16.com\/portal\/wp-json\/wp\/v2\/media?parent=11878"}],"wp:term":[{"taxonomy":"category","embeddable":true,"href":"https:\/\/tvc16.com\/portal\/wp-json\/wp\/v2\/categories?post=11878"},{"taxonomy":"post_tag","embeddable":true,"href":"https:\/\/tvc16.com\/portal\/wp-json\/wp\/v2\/tags?post=11878"}],"curies":[{"name":"wp","href":"https:\/\/api.w.org\/{rel}","templated":true}]}}