{"id":11881,"date":"2021-03-26T18:02:15","date_gmt":"2021-03-26T21:02:15","guid":{"rendered":"https:\/\/tvc16.com\/portal\/?p=11881"},"modified":"2021-03-26T18:02:17","modified_gmt":"2021-03-26T21:02:17","slug":"vacina-covid-19-mais-de-11-mil-idosos-com-mais-de-70-anos-cadastrados","status":"publish","type":"post","link":"https:\/\/tvc16.com\/portal\/2021\/03\/26\/vacina-covid-19-mais-de-11-mil-idosos-com-mais-de-70-anos-cadastrados\/","title":{"rendered":"Vacina Covid-19: mais de 11 mil idosos com mais de 70 anos cadastrados"},"content":{"rendered":"\n<p><em>Vacina\u00e7\u00e3o come\u00e7ou nesta sexta (26\/3) com amplia\u00e7\u00e3o para oito pontos<\/em><\/p>\n\n\n\n<p>Idosos com mais de 70 anos come\u00e7aram a ser vacinados contra a Covid-19 nesta sexta-feira (26\/3). Um dia ap\u00f3s a abertura do cadastro, mais de 11 mil idosos tiveram o agendamento confirmado pela Secretaria de Sa\u00fade para receber o imunizante. O cadastramento &#8211; obrigat\u00f3rio para a vacina\u00e7\u00e3o &#8211; deve ser feito pela internet, no site da prefeitura (www.petropolis.rj.gov.br). No momento do cadastro o interessado pode escolher entre oito pontos para receber a vacina. \u00c9 importante estar atento \u00e0 data do agendamento. Idosos que tenham dificuldade para acessar a internet podem ligar para os telefones 2233-8850 ou 2233-8852. O setor funciona de segunda a sexta-feira das 9h \u00e0s 16h.<\/p>\n\n\n\n<p>\u201cEstava ansiosa para receber a vacina. Finalmente este dia chegou. Estou muito feliz!\u201d, comemorou a idosa Maria Helena dos Santos, de 72 anos, ap\u00f3s receber a vacina. O aposentado Estev\u00e3o Rabelais disse que a &#8220;Vacina \u00e9 a vida. Quero que todas as pessoas possam sentir a mesma emo\u00e7\u00e3o que que eu senti no momento em que fui vacinado, o cora\u00e7\u00e3o encheu de alegria e esperan\u00e7a. Parabenizo a prefeitura pela organiza\u00e7\u00e3o e aten\u00e7\u00e3o que est\u00e1 tendo com os petropolitanos&#8221;, afirmou.<\/p>\n\n\n\n<p>Para atender um p\u00fablico maior, a Secretaria de Sa\u00fade ampliou para oito os pontos de vacina\u00e7\u00e3o. Foram abertos dois novos pontos no Petropolitano Football Club, no Centro, e na Escola Municipal Josemar Contage, em Corr\u00eaas. A vacina\u00e7\u00e3o tamb\u00e9m seguiu sendo realizada em outros seis pontos: as UBSs do Morin, Quitandinha e Itamarati, com atendimento de segunda a sexta-feira, e em tr\u00eas pontos, que funcionam tamb\u00e9m no sistema drive thru: no p\u00e1tio da UCP, na Rua Benjamim Constant (Centro), no Parque Municipal em Itaipava; e na \u00e1rea externa do gin\u00e1sio da UCP, no Bingen. Nos drives, a vacina\u00e7\u00e3o \u00e9 feita de segunda a s\u00e1bado. Em todos os locais a aplica\u00e7\u00e3o de vacinas acontece de 9h as 16h.<\/p>\n\n\n\n<p>\u201cA exemplo do que aconteceu nas demais faixas et\u00e1rias, a demanda pelo cadastramento j\u00e1 no primeiro dia deixa clara a ades\u00e3o da popula\u00e7\u00e3o a vacina\u00e7\u00e3o, o que \u00e9 muito importante e positivo. Todos os esfor\u00e7os est\u00e3o sendo feitos para que possamos proteger cada vez mais pessoas\u201d, afirma o prefeito interino Hingo Hammes.<\/p>\n\n\n\n<p>O secret\u00e1rio de Sa\u00fade, Aloisio Barbosa da Silva Filho, acrescenta que toda equipe est\u00e1 empenhada no planejamento e na log\u00edstica, para atender a uma demanda cada vez maior, com a chegada de mais doses de vacinas.<\/p>\n\n\n\n<p>\u201cSeguimos trabalhando no planejamento, contratando e treinando mais profissionais para que as equipes sejam ampliadas em alguns pontos j\u00e1 abertos, como as UBSs, que passaram a contar com mais equipes, e ainda para a abertura de novos pontos de vacina\u00e7\u00e3o, necess\u00e1rios com a chegada de mais doses e amplia\u00e7\u00e3o do p\u00fablico a ser vacinado\u201d, explica o secret\u00e1rio Aloisio Barbosa da Silva Filho.<\/p>\n\n\n\n<p>Em paralelo \u00e0 vacina\u00e7\u00e3o dos idosos com mais de 70 anos, a Secretaria de Sa\u00fade segue trabalhando para finalizar a fase 1 do Plano Nacional de Imuniza\u00e7\u00e3o, vacinando tamb\u00e9m os profissionais da \u00e1rea de sa\u00fade, seguindo as diretrizes do Plano Nacional de Imuniza\u00e7\u00e3o.<\/p>\n","protected":false},"excerpt":{"rendered":"<p>Vacina\u00e7\u00e3o come\u00e7ou nesta sexta (26\/3) com amplia\u00e7\u00e3o para oito pontos Idosos com mais de 70<\/p>\n","protected":false},"author":2,"featured_media":11882,"comment_status":"open","ping_status":"open","sticky":false,"template":"","format":"standard","meta":{"footnotes":""},"categories":[12],"tags":[],"class_list":["post-11881","post","type-post","status-publish","format-standard","has-post-thumbnail","hentry","category-cidade"],"_links":{"self":[{"href":"https:\/\/tvc16.com\/portal\/wp-json\/wp\/v2\/posts\/11881","targetHints":{"allow":["GET"]}}],"collection":[{"href":"https:\/\/tvc16.com\/portal\/wp-json\/wp\/v2\/posts"}],"about":[{"href":"https:\/\/tvc16.com\/portal\/wp-json\/wp\/v2\/types\/post"}],"author":[{"embeddable":true,"href":"https:\/\/tvc16.com\/portal\/wp-json\/wp\/v2\/users\/2"}],"replies":[{"embeddable":true,"href":"https:\/\/tvc16.com\/portal\/wp-json\/wp\/v2\/comments?post=11881"}],"version-history":[{"count":1,"href":"https:\/\/tvc16.com\/portal\/wp-json\/wp\/v2\/posts\/11881\/revisions"}],"predecessor-version":[{"id":11883,"href":"https:\/\/tvc16.com\/portal\/wp-json\/wp\/v2\/posts\/11881\/revisions\/11883"}],"wp:featuredmedia":[{"embeddable":true,"href":"https:\/\/tvc16.com\/portal\/wp-json\/wp\/v2\/media\/11882"}],"wp:attachment":[{"href":"https:\/\/tvc16.com\/portal\/wp-json\/wp\/v2\/media?parent=11881"}],"wp:term":[{"taxonomy":"category","embeddable":true,"href":"https:\/\/tvc16.com\/portal\/wp-json\/wp\/v2\/categories?post=11881"},{"taxonomy":"post_tag","embeddable":true,"href":"https:\/\/tvc16.com\/portal\/wp-json\/wp\/v2\/tags?post=11881"}],"curies":[{"name":"wp","href":"https:\/\/api.w.org\/{rel}","templated":true}]}}