{"id":11884,"date":"2021-03-26T21:17:46","date_gmt":"2021-03-27T00:17:46","guid":{"rendered":"https:\/\/tvc16.com\/portal\/?p=11884"},"modified":"2021-03-26T21:17:48","modified_gmt":"2021-03-27T00:17:48","slug":"mais-13-mortes-por-covid-19-sao-confirmadas-em-petropolis","status":"publish","type":"post","link":"https:\/\/tvc16.com\/portal\/2021\/03\/26\/mais-13-mortes-por-covid-19-sao-confirmadas-em-petropolis\/","title":{"rendered":"Mais 13 mortes por covid-19 s\u00e3o confirmadas em Petr\u00f3polis"},"content":{"rendered":"\n<p>O boletim epidemiol\u00f3gico da Secretaria de Sa\u00fade desta sexta-feira (26.03) mostrouque Petr\u00f3polis fez, at\u00e9 agora, 131.255 testes para Covid-19, com 24.282 resultados positivos e 101.216 negativos (levando em considera\u00e7\u00e3o testes r\u00e1pidos e Swab). Mais 13 \u00f3bitos foram registrados nesta sexta-feira (26.03)<\/p>\n\n\n\n<p>Neste momento, 154 pessoas est\u00e3o internadas em leitos de UTI privados e pelo SUS. Outras 153 est\u00e3o em leitos cl\u00ednicos, considerando leitos privados e SUS, totalizando assim, 307 interna\u00e7\u00f5es em toda a rede da cidade. A ocupa\u00e7\u00e3o de leitos cl\u00ednicos pelo SUS \u00e9 de 60,15% e 89,62% em leitos de UTI.<\/p>\n\n\n\n<p>A Secretaria de Sa\u00fade esclarece que o n\u00famero de \u00f3bitos, hoje em 666, \u00e9 atualizado nos boletins apenas ap\u00f3s o registro do atestado de \u00f3bito e do resultado do exame do paciente no sistema da Vigil\u00e2ncia Epidemiol\u00f3gica, o que \u00e9 feito por equipe administrativa. Trata-se de medida de seguran\u00e7a para evitar erro na informa\u00e7\u00e3o divulgada pela Secretaria de Sa\u00fade.<\/p>\n\n\n\n<p>A Secretaria acrescenta, ainda, que trabalha na atualiza\u00e7\u00e3o de dados de notifica\u00e7\u00f5es e casos em an\u00e1lise no sistema, inserindo ainda dados n\u00e3o lan\u00e7ados no fim do ano passado. \u00c9 poss\u00edvel acompanhar a evolu\u00e7\u00e3o dos casos no portal da transpar\u00eancia do coronav\u00edrus, no site da Prefeitura (www.petropolis.rj.gov.br)<\/p>\n\n\n\n<p>\u00d3bitos registrados:<br>1 \u2013 Homem, 47 anos, morador de Pedro do Rio. Internado em 03\/3\/21 na UPA Cascatinha e transferido para o HNSA. \u00d3bito registrado em 15\/3\/21 no HNSA. Paciente com diabetes.<br>2 \u2013 Homem, 84 anos, morador do Independ\u00eancia. Internado em 05\/3\/21 no Hospital Unimed. \u00d3bito registrado em 19\/3\/21 no Hospital Unimed. Paciente com hipertens\u00e3o e doen\u00e7a renal cr\u00f4nica.<br>3 \u2013 Homem, 43 anos, morador de Nogueira. Internado no dia 09\/3\/21 no Hospital Unimed. \u00d3bito registrado em 22\/3\/21 no Hospital Unimed. Paciente tinha hipertens\u00e3o e obesidade.<br>4 \u2013 Homem, 49 anos, morador do Quitandinha. Internado em 21\/3\/21 na UPA Cascatinha e transferido para o HCC. \u00d3bito registrado em 24\/3\/21 Paciente tinha hipertens\u00e3o.<br>5 \u2013 Homem, 89 anos, morador do Vila Militar. Internado em 01\/3\/21 no Hospital Unimed. \u00d3bito registrado no dia 24\/3\/21. Paciente tinha Alzheimer<br>6 \u2013 Mulher, 84 anos, moradora do Bataillard. Internada em 10\/3\/21 na UPA Cascatinha e transferida para o HAC. \u00d3bito registrado em 25\/3\/21 no HAC. Paciente tinha hipertens\u00e3o.<br>7 \u2013 Mulher, 67 anos, moradora de Itaipava. Internada em 13\/3\/21 na UPA Cascatinha e transferida para o HMNSE em 16\/3\/21. \u00d3bito registrado em 26\/3\/21 no HMNSE. Paciente com diabetes e doen\u00e7a pulmonar cr\u00f4nica.<br>8 \u2013 Mulher, 63 anos, moradora do Caxambu. Internada em 17\/3\/21 na UPA Cascatinha e transferida para o HMNSE. \u00d3bito registrado em 26\/3\/21 no HMNSE.<br>9 \u2013 Homem, 48 anos, morador do Quitandinha. Internado em 28\/2\/21 no HST. \u00d3bito registrado em 24\/3\/21 no HST. Paciente com Obesidade.<br>10- Mulher, 59 anos, moradora da Castel\u00e2nea. Internada em 20\/3\/21 no HST. \u00d3bito registrado em 24\/3\/21 no HST.<br>11 \u2013 Homem, 60 anos, morador do Vila Militar. Internado em 19\/3\/21 no Hospital Unimed. \u00d3bito registrado em 23\/3\/21 no Hospital Unimed. Paciente com hipertens\u00e3o.<br>12 \u2013 Mulher, 83 anos, moradora da Posse. Internada em 06\/3\/21 na UPA Cascatinha e transferida para o HNSA. \u00d3bito registrado em 19\/3\/21 no HNSA. Paciente com hipertens\u00e3o.<br>13 \u2013 Homem, 72 anos, morador do Centro. Internado em 10\/3\/21 no Hospital Unimed. \u00d3bito registrado em 17\/3\/21 no Hospital Unimed. Paciente tinha Alzheimer.<\/p>\n","protected":false},"excerpt":{"rendered":"<p>O boletim epidemiol\u00f3gico da Secretaria de Sa\u00fade desta sexta-feira (26.03) mostrouque Petr\u00f3polis fez, at\u00e9 agora,<\/p>\n","protected":false},"author":2,"featured_media":11885,"comment_status":"open","ping_status":"open","sticky":false,"template":"","format":"standard","meta":{"footnotes":""},"categories":[12],"tags":[],"class_list":["post-11884","post","type-post","status-publish","format-standard","has-post-thumbnail","hentry","category-cidade"],"_links":{"self":[{"href":"https:\/\/tvc16.com\/portal\/wp-json\/wp\/v2\/posts\/11884","targetHints":{"allow":["GET"]}}],"collection":[{"href":"https:\/\/tvc16.com\/portal\/wp-json\/wp\/v2\/posts"}],"about":[{"href":"https:\/\/tvc16.com\/portal\/wp-json\/wp\/v2\/types\/post"}],"author":[{"embeddable":true,"href":"https:\/\/tvc16.com\/portal\/wp-json\/wp\/v2\/users\/2"}],"replies":[{"embeddable":true,"href":"https:\/\/tvc16.com\/portal\/wp-json\/wp\/v2\/comments?post=11884"}],"version-history":[{"count":1,"href":"https:\/\/tvc16.com\/portal\/wp-json\/wp\/v2\/posts\/11884\/revisions"}],"predecessor-version":[{"id":11886,"href":"https:\/\/tvc16.com\/portal\/wp-json\/wp\/v2\/posts\/11884\/revisions\/11886"}],"wp:featuredmedia":[{"embeddable":true,"href":"https:\/\/tvc16.com\/portal\/wp-json\/wp\/v2\/media\/11885"}],"wp:attachment":[{"href":"https:\/\/tvc16.com\/portal\/wp-json\/wp\/v2\/media?parent=11884"}],"wp:term":[{"taxonomy":"category","embeddable":true,"href":"https:\/\/tvc16.com\/portal\/wp-json\/wp\/v2\/categories?post=11884"},{"taxonomy":"post_tag","embeddable":true,"href":"https:\/\/tvc16.com\/portal\/wp-json\/wp\/v2\/tags?post=11884"}],"curies":[{"name":"wp","href":"https:\/\/api.w.org\/{rel}","templated":true}]}}