{"id":11887,"date":"2021-03-27T11:39:51","date_gmt":"2021-03-27T14:39:51","guid":{"rendered":"https:\/\/tvc16.com\/portal\/?p=11887"},"modified":"2021-03-27T11:39:53","modified_gmt":"2021-03-27T14:39:53","slug":"bauernfest-e-reconhecida-como-patrimonio-cultural-imaterial-do-estado-do-rio","status":"publish","type":"post","link":"https:\/\/tvc16.com\/portal\/2021\/03\/27\/bauernfest-e-reconhecida-como-patrimonio-cultural-imaterial-do-estado-do-rio\/","title":{"rendered":"Bauernfest \u00e9 reconhecida como Patrim\u00f4nio Cultural Imaterial do estado do Rio"},"content":{"rendered":"\n<p>A Bauernfest agora \u00e9 Patrim\u00f4nio Cultural Imaterial do Rio de Janeiro. Foi publicada nesta sexta-feira (26\/03), no Di\u00e1rio Oficial do estado, a Lei 9.229 de 25 de mar\u00e7o de 2021, que reconheceu a Festa dos Colonos Alem\u00e3es em Petr\u00f3polis como patrim\u00f4nio cultural. O projeto de lei, na Alerj, foi uma iniciativa dos deputados Marina Rocha e Marcio Canella.<\/p>\n\n\n\n<p>A festa acontece desde 1990, sendo o segundo maior evento de sua categoria no Brasil. Resgata as ra\u00edzes germ\u00e2nicas da cidade com a chegada dos primeiros alem\u00e3es em 1845. Marcada por muita dan\u00e7a e m\u00fasica folcl\u00f3rica, culin\u00e1ria t\u00edpica e atra\u00e7\u00f5es culturais, tornou-se o maior evento da cidade nos \u00faltimos anos, sendo fundamental para a economia e importante fonte de renda para muitos petropolitanos.<\/p>\n\n\n\n<p>O prefeito interino Hingo Hammes destacou a import\u00e2ncia da lei sancionada, e disse que ela vem refor\u00e7ar ainda mais a tradi\u00e7\u00e3o da festa, que este ano chegar\u00e1 em sua 32\u00aa edi\u00e7\u00e3o mas, em virtude da pandemia, dever\u00e1 ser realizada em formato virtual.<\/p>\n\n\n\n<p>\u201cEsse reconhecimento vem refor\u00e7ar a import\u00e2ncia cultural e econ\u00f4mica que a festa tem para a cidade, pois, al\u00e9m de resgatar a hist\u00f3ria e tradi\u00e7\u00e3o da coloniza\u00e7\u00e3o alem\u00e3 em Petr\u00f3polis, ajuda a fomentar nossa economia\u201d, ressaltou o prefeito.<\/p>\n\n\n\n<p>Opini\u00e3o compartilhada tamb\u00e9m pelo secret\u00e1rio de Turismo, Samir El Ghaoui, que ressaltou \u201ca satisfa\u00e7\u00e3o e o orgulho com que o munic\u00edpio recebeu a not\u00edcia da lei sancionada pelo estado, que far\u00e1 certamente que a gest\u00e3o do turismo e seus colaboradores se empenhem cada vez mais para fazer a Bauernfest retomar os patamares de excel\u00eancia j\u00e1 alcan\u00e7ados em anos anteriores\u201d.<\/p>\n\n\n\n<p>O presidente do Clube 29 de junho, Marco Ant\u00f4nio Kling, tamb\u00e9m destacou a satisfa\u00e7\u00e3o com que o clube e a col\u00f4nia germ\u00e2nica em Petr\u00f3polis receberam a not\u00edcia da lei. Segundo ele, \u201ceste \u00e9 mais um reconhecimento da cultura e das tradi\u00e7\u00f5es do nosso povo, que ajudou a elevar Petr\u00f3polis ao cen\u00e1rio de destaque da cultura e do turismo nacional e internacional. Essa lei certamente vai ajudar a Bauernfest a retomar a sua posi\u00e7\u00e3o de destaque e ficar ainda mais forte nos pr\u00f3ximos anos\u201d.<\/p>\n\n\n\n<p>Kling fez quest\u00e3o de ressaltar que o reconhecimento se deve em muito ao trabalho desenvolvido pela ex-presidente do Clube 29 de junho, Emygdia Hoelz, que plantou a primeira semente da Bauernfest em 1983, com a realiza\u00e7\u00e3o do \u201cI Festival Germa\u0302nico\u201d que, anos depois viria a se transformar em um grande evento em parceria com a Prefeitura de Petr\u00f3polis.<\/p>\n\n\n\n<p>Na justificativa do projeto de lei, na Alerj, os autores ressaltaram a import\u00e2ncia regional e nacional do evento, sua relev\u00e2ncia no calend\u00e1rio tur\u00edstico e cultural do estado e do pa\u00eds, possuindo uma identidade definida, que a cada ano inclui inova\u00e7\u00f5es que atraem novos visitantes, bem como seu p\u00fablico fiel. A proposta frisa ainda que a festa vem superando expectativas todos os anos, atingindo p\u00fablico recorde a cada edi\u00e7\u00e3o. No ano passado, em virtude da pandemia, o evento aconteceu apenas de forma virtual.<\/p>\n\n\n\n<p>De acordo com o art. 1\u00ba da Lei 6.459\/2013, constituem o Patrim\u00f4nio Cultural Imaterial do Estado do Rio de Janeiro os bens culturais de natureza imaterial que expressem e retratem a identidade, a a\u00e7\u00e3o e a mem\u00f3ria dos diferentes grupos que comp\u00f5em a sociedade fluminense.<\/p>\n","protected":false},"excerpt":{"rendered":"<p>A Bauernfest agora \u00e9 Patrim\u00f4nio Cultural Imaterial do Rio de Janeiro. Foi publicada nesta sexta-feira<\/p>\n","protected":false},"author":2,"featured_media":11888,"comment_status":"open","ping_status":"open","sticky":false,"template":"","format":"standard","meta":{"footnotes":""},"categories":[12],"tags":[],"class_list":["post-11887","post","type-post","status-publish","format-standard","has-post-thumbnail","hentry","category-cidade"],"_links":{"self":[{"href":"https:\/\/tvc16.com\/portal\/wp-json\/wp\/v2\/posts\/11887","targetHints":{"allow":["GET"]}}],"collection":[{"href":"https:\/\/tvc16.com\/portal\/wp-json\/wp\/v2\/posts"}],"about":[{"href":"https:\/\/tvc16.com\/portal\/wp-json\/wp\/v2\/types\/post"}],"author":[{"embeddable":true,"href":"https:\/\/tvc16.com\/portal\/wp-json\/wp\/v2\/users\/2"}],"replies":[{"embeddable":true,"href":"https:\/\/tvc16.com\/portal\/wp-json\/wp\/v2\/comments?post=11887"}],"version-history":[{"count":1,"href":"https:\/\/tvc16.com\/portal\/wp-json\/wp\/v2\/posts\/11887\/revisions"}],"predecessor-version":[{"id":11889,"href":"https:\/\/tvc16.com\/portal\/wp-json\/wp\/v2\/posts\/11887\/revisions\/11889"}],"wp:featuredmedia":[{"embeddable":true,"href":"https:\/\/tvc16.com\/portal\/wp-json\/wp\/v2\/media\/11888"}],"wp:attachment":[{"href":"https:\/\/tvc16.com\/portal\/wp-json\/wp\/v2\/media?parent=11887"}],"wp:term":[{"taxonomy":"category","embeddable":true,"href":"https:\/\/tvc16.com\/portal\/wp-json\/wp\/v2\/categories?post=11887"},{"taxonomy":"post_tag","embeddable":true,"href":"https:\/\/tvc16.com\/portal\/wp-json\/wp\/v2\/tags?post=11887"}],"curies":[{"name":"wp","href":"https:\/\/api.w.org\/{rel}","templated":true}]}}