{"id":11893,"date":"2021-03-27T11:58:53","date_gmt":"2021-03-27T14:58:53","guid":{"rendered":"https:\/\/tvc16.com\/portal\/?p=11893"},"modified":"2021-03-27T11:58:55","modified_gmt":"2021-03-27T14:58:55","slug":"homem-fica-em-estado-grave-apos-ser-esfaqueado-na-praca-do-skate-no-centro-da-cidade","status":"publish","type":"post","link":"https:\/\/tvc16.com\/portal\/2021\/03\/27\/homem-fica-em-estado-grave-apos-ser-esfaqueado-na-praca-do-skate-no-centro-da-cidade\/","title":{"rendered":"Homem fica em estado grave ap\u00f3s ser esfaqueado na Pra\u00e7a do Skate, no Centro da Cidade"},"content":{"rendered":"\n<p>Um homem, de 49 anos, foi esfaqueado na sexta-feira (26) na Pra\u00e7a do Skate, no Centro da Cidade. A v\u00edtima sofreu ferimentos no t\u00f3rax, pesco\u00e7o e rosto e est\u00e1 em estado grave. O suspeito de cometer o crime foi preso pela Pol\u00edcia Militar momentos depois no Bosque do Imperador, tamb\u00e9m no Centro. Ele estava com a faca usada na tentativa de homic\u00eddio. <\/p>\n\n\n\n<p>A v\u00edtima foi socorrida pelo Corpo de Bombeiros. A v\u00edtima estava em companhia de outra pessoa no momento do crime, que acionou a PM. O caso est\u00e1 sendo investigado pela 105\u00aa Delegacia de Pol\u00edcia (DP), no Retiro.<\/p>\n\n\n\n<p>Foto: petropolis.rj<\/p>\n","protected":false},"excerpt":{"rendered":"<p>Um homem, de 49 anos, foi esfaqueado na sexta-feira (26) na Pra\u00e7a do Skate, no<\/p>\n","protected":false},"author":2,"featured_media":11894,"comment_status":"open","ping_status":"open","sticky":false,"template":"","format":"standard","meta":{"footnotes":""},"categories":[12],"tags":[],"class_list":["post-11893","post","type-post","status-publish","format-standard","has-post-thumbnail","hentry","category-cidade"],"_links":{"self":[{"href":"https:\/\/tvc16.com\/portal\/wp-json\/wp\/v2\/posts\/11893","targetHints":{"allow":["GET"]}}],"collection":[{"href":"https:\/\/tvc16.com\/portal\/wp-json\/wp\/v2\/posts"}],"about":[{"href":"https:\/\/tvc16.com\/portal\/wp-json\/wp\/v2\/types\/post"}],"author":[{"embeddable":true,"href":"https:\/\/tvc16.com\/portal\/wp-json\/wp\/v2\/users\/2"}],"replies":[{"embeddable":true,"href":"https:\/\/tvc16.com\/portal\/wp-json\/wp\/v2\/comments?post=11893"}],"version-history":[{"count":1,"href":"https:\/\/tvc16.com\/portal\/wp-json\/wp\/v2\/posts\/11893\/revisions"}],"predecessor-version":[{"id":11895,"href":"https:\/\/tvc16.com\/portal\/wp-json\/wp\/v2\/posts\/11893\/revisions\/11895"}],"wp:featuredmedia":[{"embeddable":true,"href":"https:\/\/tvc16.com\/portal\/wp-json\/wp\/v2\/media\/11894"}],"wp:attachment":[{"href":"https:\/\/tvc16.com\/portal\/wp-json\/wp\/v2\/media?parent=11893"}],"wp:term":[{"taxonomy":"category","embeddable":true,"href":"https:\/\/tvc16.com\/portal\/wp-json\/wp\/v2\/categories?post=11893"},{"taxonomy":"post_tag","embeddable":true,"href":"https:\/\/tvc16.com\/portal\/wp-json\/wp\/v2\/tags?post=11893"}],"curies":[{"name":"wp","href":"https:\/\/api.w.org\/{rel}","templated":true}]}}