{"id":11896,"date":"2021-03-27T12:01:45","date_gmt":"2021-03-27T15:01:45","guid":{"rendered":"https:\/\/tvc16.com\/portal\/?p=11896"},"modified":"2021-03-27T12:01:48","modified_gmt":"2021-03-27T15:01:48","slug":"covid-19-brasil-bate-novo-recorde-e-registra-3-650-mortes-em-24-horas","status":"publish","type":"post","link":"https:\/\/tvc16.com\/portal\/2021\/03\/27\/covid-19-brasil-bate-novo-recorde-e-registra-3-650-mortes-em-24-horas\/","title":{"rendered":"Covid-19: Brasil bate novo recorde e registra 3.650 mortes em 24 horas"},"content":{"rendered":"\n<h3 class=\"wp-block-heading\">Total de \u00f3bitos chegou a 307.112; recuperados somam 10,82 milh\u00f5es<\/h3>\n\n\n\n<h4 class=\"wp-block-heading\">Por Jonas Valente \u2013 Rep\u00f3rter da Ag\u00eancia Brasil &#8211; Bras\u00edlia<\/h4>\n\n\n\n<p>O Brasil bateu seu novo recorde de mortes registradas em 24 horas, com 3.650. Este total supera a maior marca anterior, de 3.250, na&nbsp;ter\u00e7a-feira (23). \u00c9 mais de 50% acima da m\u00e9dia m\u00f3vel da \u00faltima semana epidemiol\u00f3gica (14 a&nbsp;20 de mar\u00e7o), que ficou em 2.236 \u00f3bitos.<img decoding=\"async\" src=\"https:\/\/agenciabrasil.ebc.com.br\/ebc.png?id=1405188&amp;o=node\"><img decoding=\"async\" src=\"https:\/\/agenciabrasil.ebc.com.br\/ebc.gif?id=1405188&amp;o=node\"><\/p>\n\n\n\n<p>A marca ainda n\u00e3o inclui os dados do Cear\u00e1, que vem apresentando problemas t\u00e9cnicos para atualizar seus dados de novas mortes e casos. Com a soma de \u00f3bitos desse estado, o n\u00famero deve aumentar.<\/p>\n\n\n\n<p>O total de vidas perdidas para a pandemia alcan\u00e7ou 307.112.&nbsp;Ontem, a soma estava em 303.462 \u00f3bitos. Ainda h\u00e1 3.538 mortes em investiga\u00e7\u00e3o por equipes de sa\u00fade. Isso porque h\u00e1 casos em que o diagn\u00f3stico sobre a causa s\u00f3 sai ap\u00f3s o \u00f3bito do paciente.<\/p>\n\n\n\n<p>O pa\u00eds tamb\u00e9m teve 84.245 novos diagn\u00f3sticos confirmados entre&nbsp;ontem&nbsp;e&nbsp;hoje.&nbsp;Ontem, o pa\u00eds teve pela primeira vez mais de 100 mil&nbsp;novos casos confirmados em 24 horas. O total de pessoas que pegaram covid-19 desde o in\u00edcio da pandemia alcan\u00e7ou 12.404.414.&nbsp;Ontem, o total de pessoas infectadas at\u00e9 o momento estava em 12.320.169.<\/p>\n\n\n\n<p>Os dados est\u00e3o na atualiza\u00e7\u00e3o do&nbsp;Minist\u00e9rio da Sa\u00fade&nbsp;divulgada na noite desta&nbsp;sexta-feira (26). O balan\u00e7o \u00e9 produzido com as informa\u00e7\u00f5es coletadas pelas autoridades estaduais e locais de sa\u00fade.<\/p>\n\n\n\n<p>O n\u00famero de pessoas recuperadas chegou a 10.824.095. J\u00e1 a quantidade de pacientes com casos ativos, em acompanhamento por equipes de sa\u00fade, ficou em 1.273.207.<\/p>\n\n\n\n<h2 class=\"wp-block-heading\">Estados<\/h2>\n\n\n\n<p>O&nbsp;<em>ranking&nbsp;<\/em>de estados com mais mortes pela covid-19 \u00e9 liderado por S\u00e3o Paulo (70.696), Rio&nbsp;de Janeiro&nbsp;(35.758), Minas Gerais (22.887), Rio Grande do Sul (17.349) e Paran\u00e1 (15.939). J\u00e1 as Unidades da Federa\u00e7\u00e3o com menos \u00f3bitos s\u00e3o Acre (1.224), Amap\u00e1 (1.265), Roraima (1.318), Tocantins (1.912) e Alagoas (3.444).<\/p>\n\n\n\n<h2 class=\"wp-block-heading\">Vacina\u00e7\u00e3o<\/h2>\n\n\n\n<p>At\u00e9 o in\u00edcio da noite de&nbsp;hoje, haviam sido distribu\u00eddos 32,2 milh\u00f5es de doses de vacinas. Deste total, foram aplicados 16,7 milh\u00f5es de doses, sendo 12,8 milh\u00f5es da primeira&nbsp;dose e 3,9 milh\u00f5es da segunda&nbsp;dose.<\/p>\n\n\n\n<figure class=\"wp-block-image\"><img decoding=\"async\" src=\"https:\/\/imagens.ebc.com.br\/QygWnQX-0c4MPH3tOwLQEqc2U5A=\/754x0\/smart\/https:\/\/agenciabrasil.ebc.com.br\/sites\/default\/files\/thumbnails\/image\/whatsapp_image_2021-03-26_at_19.10.33.jpeg?itok=WWcnnSNM\" alt=\"Situa\u00e7\u00e3o epidemiol\u00f3gica da covid-19 no Brasil (26\/03\/2021).\" title=\"Divulga\u00e7\u00e3o\/Minist\u00e9rio da Sa\u00fade\"\/><\/figure>\n\n\n\n<h6 class=\"wp-block-heading\">Situa\u00e7\u00e3o epidemiol\u00f3gica da covid-19 no Brasil (26\/03\/2021). &#8211;&nbsp;<strong>Divulga\u00e7\u00e3o\/Minist\u00e9rio da Sa\u00fade<\/strong><\/h6>\n\n\n\n<p>Edi\u00e7\u00e3o: Bruna Saniele<\/p>\n","protected":false},"excerpt":{"rendered":"<p>Total de \u00f3bitos chegou a 307.112; recuperados somam 10,82 milh\u00f5es Por Jonas Valente \u2013 Rep\u00f3rter<\/p>\n","protected":false},"author":2,"featured_media":11897,"comment_status":"open","ping_status":"open","sticky":false,"template":"","format":"standard","meta":{"footnotes":""},"categories":[17],"tags":[],"class_list":["post-11896","post","type-post","status-publish","format-standard","has-post-thumbnail","hentry","category-outras-noticias"],"_links":{"self":[{"href":"https:\/\/tvc16.com\/portal\/wp-json\/wp\/v2\/posts\/11896","targetHints":{"allow":["GET"]}}],"collection":[{"href":"https:\/\/tvc16.com\/portal\/wp-json\/wp\/v2\/posts"}],"about":[{"href":"https:\/\/tvc16.com\/portal\/wp-json\/wp\/v2\/types\/post"}],"author":[{"embeddable":true,"href":"https:\/\/tvc16.com\/portal\/wp-json\/wp\/v2\/users\/2"}],"replies":[{"embeddable":true,"href":"https:\/\/tvc16.com\/portal\/wp-json\/wp\/v2\/comments?post=11896"}],"version-history":[{"count":1,"href":"https:\/\/tvc16.com\/portal\/wp-json\/wp\/v2\/posts\/11896\/revisions"}],"predecessor-version":[{"id":11898,"href":"https:\/\/tvc16.com\/portal\/wp-json\/wp\/v2\/posts\/11896\/revisions\/11898"}],"wp:featuredmedia":[{"embeddable":true,"href":"https:\/\/tvc16.com\/portal\/wp-json\/wp\/v2\/media\/11897"}],"wp:attachment":[{"href":"https:\/\/tvc16.com\/portal\/wp-json\/wp\/v2\/media?parent=11896"}],"wp:term":[{"taxonomy":"category","embeddable":true,"href":"https:\/\/tvc16.com\/portal\/wp-json\/wp\/v2\/categories?post=11896"},{"taxonomy":"post_tag","embeddable":true,"href":"https:\/\/tvc16.com\/portal\/wp-json\/wp\/v2\/tags?post=11896"}],"curies":[{"name":"wp","href":"https:\/\/api.w.org\/{rel}","templated":true}]}}