{"id":11902,"date":"2021-03-27T12:03:29","date_gmt":"2021-03-27T15:03:29","guid":{"rendered":"https:\/\/tvc16.com\/portal\/?p=11902"},"modified":"2021-03-27T12:03:31","modified_gmt":"2021-03-27T15:03:31","slug":"resultado-final-do-enem-sera-divulgado-na-segunda-apos-as-18h","status":"publish","type":"post","link":"https:\/\/tvc16.com\/portal\/2021\/03\/27\/resultado-final-do-enem-sera-divulgado-na-segunda-apos-as-18h\/","title":{"rendered":"Resultado final do Enem ser\u00e1 divulgado na segunda, ap\u00f3s as 18h"},"content":{"rendered":"\n<h3 class=\"wp-block-heading\">Resultados individuais estar\u00e3o dispon\u00edveis na P\u00e1gina do Participante<\/h3>\n\n\n\n<ul class=\"wp-block-list\"><li>Por Ag\u00eancia Brasil &#8211; Bras\u00edlia<\/li><\/ul>\n\n\n\n<p>O Minist\u00e9rio da Educa\u00e7\u00e3o disponibiliza na pr\u00f3xima segunda-feira (29) as notas finais do Exame Nacional do Ensino M\u00e9dio (Enem) 2020, vers\u00e3o impressa, digital. Os participantes poder\u00e3o conferir os resultados individuais das provas na&nbsp;<a href=\"https:\/\/enem.inep.gov.br\/participante\/#!\/\" target=\"_blank\" rel=\"noreferrer noopener\">P\u00e1gina do Participante<\/a>&nbsp;ou no aplicativo do exame, ap\u00f3s as 18h (hor\u00e1rio de Bras\u00edlia).<img decoding=\"async\" src=\"https:\/\/agenciabrasil.ebc.com.br\/ebc.png?id=1405197&amp;o=node\"><img decoding=\"async\" src=\"https:\/\/agenciabrasil.ebc.com.br\/ebc.gif?id=1405197&amp;o=node\"><\/p>\n\n\n\n<p>De acordo com Instituto Nacional de Estudos e Pesquisas Educacionais An\u00edsio Teixeira (Inep), \u00f3rg\u00e3o realizador da prova, tamb\u00e9m estar\u00e3o dispon\u00edveis as notas dos participantes do Exame Nacional do Ensino M\u00e9dio para adultos privados de liberdade e jovens sob medida socioeducativa que inclua priva\u00e7\u00e3o de liberdade (Enem PPL).<\/p>\n\n\n\n<p>Para ter acesso \u00e0s notas, os participantes devem utilizar o login \u00fanico do Governo Federal. Caso o aluno tenha esquecido a senha, o sistema permite recuper\u00e1-la. Basta inserir o CPF no campo indicado, selecionar avan\u00e7ar e clicar no&nbsp;<em>link<\/em>&nbsp;\u201cEsqueci minha senha\u201d. O sistema apresentar\u00e1 diversas formas para recuperar a conta (valida\u00e7\u00e3o facial, bancos credenciados, internet&nbsp;<em>banking<\/em>,&nbsp;<em>e-mail<\/em>&nbsp;e celular). O candidato&nbsp;escolher\u00e1&nbsp;uma das op\u00e7\u00f5es para receber o c\u00f3digo de verifica\u00e7\u00e3o e, em seguida, gerar&nbsp;uma nova senha.<\/p>\n\n\n\n<p>Al\u00e9m do resultado da reda\u00e7\u00e3o, que varia de zero a 1000, os participantes tamb\u00e9m poder\u00e3o conferir as notas individuais&nbsp;referentes \u00e0s provas das quatro \u00e1reas de conhecimento: linguagens, c\u00f3digos e suas tecnologias; ci\u00eancias humanas e suas tecnologias; ci\u00eancias da natureza e suas tecnologias; e matem\u00e1tica e suas tecnologias.<\/p>\n\n\n\n<p>As notas individuais do Enem&nbsp;<a href=\"https:\/\/agenciabrasil.ebc.com.br\/educacao\/noticia\/2021-01\/conheca-os-programas-que-utilizam-notas-do-enem\" target=\"_blank\" rel=\"noreferrer noopener\">podem ser usadas para acesso \u00e0 educa\u00e7\u00e3o superior<\/a>, no Brasil e em institui\u00e7\u00f5es de Portugal, e em programas governamentais de financiamento e apoio ao estudante. Os participantes podem ter mais informa\u00e7\u00f5es sobre os programas que permitem o ingresso na educa\u00e7\u00e3o superior no portal do Minist\u00e9rio da Educa\u00e7\u00e3o.<\/p>\n\n\n\n<p>O resultado do Enem 2020 impresso, para fins exclusivos de autoavalia\u00e7\u00e3o de conhecimentos do participante treineiro, ser\u00e1 divulgado no dia 28 de maio de 2021, na P\u00e1gina do Participante e no aplicativo do exame.<\/p>\n\n\n\n<p>Edi\u00e7\u00e3o: Aline Leal<\/p>\n","protected":false},"excerpt":{"rendered":"<p>Resultados individuais estar\u00e3o dispon\u00edveis na P\u00e1gina do Participante Por Ag\u00eancia Brasil &#8211; Bras\u00edlia O Minist\u00e9rio<\/p>\n","protected":false},"author":2,"featured_media":11903,"comment_status":"open","ping_status":"open","sticky":false,"template":"","format":"standard","meta":{"footnotes":""},"categories":[17],"tags":[],"class_list":["post-11902","post","type-post","status-publish","format-standard","has-post-thumbnail","hentry","category-outras-noticias"],"_links":{"self":[{"href":"https:\/\/tvc16.com\/portal\/wp-json\/wp\/v2\/posts\/11902","targetHints":{"allow":["GET"]}}],"collection":[{"href":"https:\/\/tvc16.com\/portal\/wp-json\/wp\/v2\/posts"}],"about":[{"href":"https:\/\/tvc16.com\/portal\/wp-json\/wp\/v2\/types\/post"}],"author":[{"embeddable":true,"href":"https:\/\/tvc16.com\/portal\/wp-json\/wp\/v2\/users\/2"}],"replies":[{"embeddable":true,"href":"https:\/\/tvc16.com\/portal\/wp-json\/wp\/v2\/comments?post=11902"}],"version-history":[{"count":1,"href":"https:\/\/tvc16.com\/portal\/wp-json\/wp\/v2\/posts\/11902\/revisions"}],"predecessor-version":[{"id":11904,"href":"https:\/\/tvc16.com\/portal\/wp-json\/wp\/v2\/posts\/11902\/revisions\/11904"}],"wp:featuredmedia":[{"embeddable":true,"href":"https:\/\/tvc16.com\/portal\/wp-json\/wp\/v2\/media\/11903"}],"wp:attachment":[{"href":"https:\/\/tvc16.com\/portal\/wp-json\/wp\/v2\/media?parent=11902"}],"wp:term":[{"taxonomy":"category","embeddable":true,"href":"https:\/\/tvc16.com\/portal\/wp-json\/wp\/v2\/categories?post=11902"},{"taxonomy":"post_tag","embeddable":true,"href":"https:\/\/tvc16.com\/portal\/wp-json\/wp\/v2\/tags?post=11902"}],"curies":[{"name":"wp","href":"https:\/\/api.w.org\/{rel}","templated":true}]}}