{"id":11905,"date":"2021-03-27T12:04:15","date_gmt":"2021-03-27T15:04:15","guid":{"rendered":"https:\/\/tvc16.com\/portal\/?p=11905"},"modified":"2021-03-27T12:04:17","modified_gmt":"2021-03-27T15:04:17","slug":"honda-paralisa-producao-no-brasil-por-causa-da-pandemia-de-covid-19","status":"publish","type":"post","link":"https:\/\/tvc16.com\/portal\/2021\/03\/27\/honda-paralisa-producao-no-brasil-por-causa-da-pandemia-de-covid-19\/","title":{"rendered":"Honda paralisa produ\u00e7\u00e3o no Brasil por causa da pandemia de covid-19"},"content":{"rendered":"\n<h3 class=\"wp-block-heading\">Essa \u00e9 a oitava montadora a suspender atividades no pa\u00eds<\/h3>\n\n\n\n<h4 class=\"wp-block-heading\">Por Wellton M\u00e1ximo \u2013 Rep\u00f3rter da Ag\u00eancia Brasil &#8211; Bras\u00edlia<\/h4>\n\n\n\n<p>A montadora Honda anunciou hoje (26) que suspender\u00e1 as atividades no Brasil por causa do recrudescimento na pandemia de covid-19. A fabricante torna-se a oitava empresa a paralisar a produ\u00e7\u00e3o no pa\u00eds nos \u00faltimos dias.<img decoding=\"async\" src=\"https:\/\/agenciabrasil.ebc.com.br\/ebc.png?id=1405198&amp;o=node\"><img decoding=\"async\" src=\"https:\/\/agenciabrasil.ebc.com.br\/ebc.gif?id=1405198&amp;o=node\"><\/p>\n\n\n\n<p>Segundo a montadora, a interrup\u00e7\u00e3o das atividades ocorrer\u00e1 nas unidades de Itirapina (SP) e de Sumar\u00e9 (SP) a partir de ter\u00e7a-feira (30) at\u00e9 9 de abril. A produ\u00e7\u00e3o ser\u00e1 retomada no pr\u00f3ximo dia 12.<\/p>\n\n\n\n<p>\u201cA Honda refor\u00e7a que as medidas adotadas visam preservar a sa\u00fade e seguran\u00e7a das pessoas. Al\u00e9m disso, a empresa segue empenhada em minimizar os impactos da pandemia em sua cadeia de valor, bem como, os inconvenientes ao consumidor\u201d, informou a montadora em comunicado.<\/p>\n\n\n\n<p>A compensa\u00e7\u00e3o das horas n\u00e3o trabalhadas ser\u00e1 negociada com o Sindicato dos Metal\u00fargicos. Al\u00e9m da Honda, suspenderam as atividades no Brasil as montadoras Toyota, Nissan, Volkswagen, Mercedes-Benz, Renault, Volvo e Scania.<\/p>\n\n\n\n<p>Edi\u00e7\u00e3o: Aline Leal<\/p>\n","protected":false},"excerpt":{"rendered":"<p>Essa \u00e9 a oitava montadora a suspender atividades no pa\u00eds Por Wellton M\u00e1ximo \u2013 Rep\u00f3rter<\/p>\n","protected":false},"author":2,"featured_media":11906,"comment_status":"open","ping_status":"open","sticky":false,"template":"","format":"standard","meta":{"footnotes":""},"categories":[17],"tags":[],"class_list":["post-11905","post","type-post","status-publish","format-standard","has-post-thumbnail","hentry","category-outras-noticias"],"_links":{"self":[{"href":"https:\/\/tvc16.com\/portal\/wp-json\/wp\/v2\/posts\/11905","targetHints":{"allow":["GET"]}}],"collection":[{"href":"https:\/\/tvc16.com\/portal\/wp-json\/wp\/v2\/posts"}],"about":[{"href":"https:\/\/tvc16.com\/portal\/wp-json\/wp\/v2\/types\/post"}],"author":[{"embeddable":true,"href":"https:\/\/tvc16.com\/portal\/wp-json\/wp\/v2\/users\/2"}],"replies":[{"embeddable":true,"href":"https:\/\/tvc16.com\/portal\/wp-json\/wp\/v2\/comments?post=11905"}],"version-history":[{"count":1,"href":"https:\/\/tvc16.com\/portal\/wp-json\/wp\/v2\/posts\/11905\/revisions"}],"predecessor-version":[{"id":11907,"href":"https:\/\/tvc16.com\/portal\/wp-json\/wp\/v2\/posts\/11905\/revisions\/11907"}],"wp:featuredmedia":[{"embeddable":true,"href":"https:\/\/tvc16.com\/portal\/wp-json\/wp\/v2\/media\/11906"}],"wp:attachment":[{"href":"https:\/\/tvc16.com\/portal\/wp-json\/wp\/v2\/media?parent=11905"}],"wp:term":[{"taxonomy":"category","embeddable":true,"href":"https:\/\/tvc16.com\/portal\/wp-json\/wp\/v2\/categories?post=11905"},{"taxonomy":"post_tag","embeddable":true,"href":"https:\/\/tvc16.com\/portal\/wp-json\/wp\/v2\/tags?post=11905"}],"curies":[{"name":"wp","href":"https:\/\/api.w.org\/{rel}","templated":true}]}}