{"id":11908,"date":"2021-03-27T12:05:07","date_gmt":"2021-03-27T15:05:07","guid":{"rendered":"https:\/\/tvc16.com\/portal\/?p=11908"},"modified":"2021-03-27T12:05:09","modified_gmt":"2021-03-27T15:05:09","slug":"queiroga-diz-a-governadores-que-vai-ampliar-acoes-contra-a-covid-19","status":"publish","type":"post","link":"https:\/\/tvc16.com\/portal\/2021\/03\/27\/queiroga-diz-a-governadores-que-vai-ampliar-acoes-contra-a-covid-19\/","title":{"rendered":"Queiroga diz a governadores que vai ampliar a\u00e7\u00f5es contra a covid-19"},"content":{"rendered":"\n<h3 class=\"wp-block-heading\">Ministro da Sa\u00fade falou hoje em F\u00f3rum de Governadores<\/h3>\n\n\n\n<h4 class=\"wp-block-heading\">Por Ag\u00eancia Brasil &#8211; Bras\u00edlia<\/h4>\n\n\n\n<p>O ministro da Sa\u00fade, Marcelo Queiroga, disse hoje (26) ao F\u00f3rum de Governadores que vai ampliar as a\u00e7\u00f5es do governo federal para combater a pandemia de covid-19.<img decoding=\"async\" src=\"https:\/\/agenciabrasil.ebc.com.br\/ebc.png?id=1405201&amp;o=node\"><img decoding=\"async\" src=\"https:\/\/agenciabrasil.ebc.com.br\/ebc.gif?id=1405201&amp;o=node\"><\/p>\n\n\n\n<p>Segundo nota divulgada pela pasta, durante a reuni\u00e3o virtual, Queiroga disse que o governo federal est\u00e1 empenhado em aumentar a oferta de imunizantes para entrega no primeiro semestre, por meio de acordos com laborat\u00f3rios internacionais e do cons\u00f3rcio Covax.<\/p>\n\n\n\n<p>\u201cO governo federal est\u00e1 empenhado em aumentar a capacidade de vacina\u00e7\u00e3o e imunizar toda a popula\u00e7\u00e3o brasileira. O Butantan e a Fiocruz, nossos fornecedores brasileiros de vacinas, nos asseguram entregas que poder\u00e3o vacinar 1 milh\u00e3o de pessoas por dia. Vamos buscar essa meta de vacina\u00e7\u00e3o\u201d, garantiu.&nbsp;<\/p>\n\n\n\n<p>O ministro tamb\u00e9m disse que o governo vai comprar caminh\u00f5es no Canad\u00e1 para transportar oxig\u00eanio l\u00edquido pelo pa\u00eds e contar\u00e1 com apoio da Ag\u00eancia Nacional de Vigil\u00e2ncia Sanit\u00e1ria (Anvisa) para agilizar a importa\u00e7\u00e3o de insumos para medicamentos.&nbsp;&nbsp;<\/p>\n\n\n\n<p>Segundo a pasta, Queiroga tamb\u00e9m ressaltou a import\u00e2ncia do uso de m\u00e1scaras pela popula\u00e7\u00e3o e do distanciamento social, principalmente no feriado de P\u00e1scoa, na pr\u00f3xima semana.<\/p>\n\n\n\n<p>Edi\u00e7\u00e3o: Aline Leal<\/p>\n","protected":false},"excerpt":{"rendered":"<p>Ministro da Sa\u00fade falou hoje em F\u00f3rum de Governadores Por Ag\u00eancia Brasil &#8211; Bras\u00edlia O<\/p>\n","protected":false},"author":2,"featured_media":11909,"comment_status":"open","ping_status":"open","sticky":false,"template":"","format":"standard","meta":{"footnotes":""},"categories":[17],"tags":[],"class_list":["post-11908","post","type-post","status-publish","format-standard","has-post-thumbnail","hentry","category-outras-noticias"],"_links":{"self":[{"href":"https:\/\/tvc16.com\/portal\/wp-json\/wp\/v2\/posts\/11908","targetHints":{"allow":["GET"]}}],"collection":[{"href":"https:\/\/tvc16.com\/portal\/wp-json\/wp\/v2\/posts"}],"about":[{"href":"https:\/\/tvc16.com\/portal\/wp-json\/wp\/v2\/types\/post"}],"author":[{"embeddable":true,"href":"https:\/\/tvc16.com\/portal\/wp-json\/wp\/v2\/users\/2"}],"replies":[{"embeddable":true,"href":"https:\/\/tvc16.com\/portal\/wp-json\/wp\/v2\/comments?post=11908"}],"version-history":[{"count":1,"href":"https:\/\/tvc16.com\/portal\/wp-json\/wp\/v2\/posts\/11908\/revisions"}],"predecessor-version":[{"id":11910,"href":"https:\/\/tvc16.com\/portal\/wp-json\/wp\/v2\/posts\/11908\/revisions\/11910"}],"wp:featuredmedia":[{"embeddable":true,"href":"https:\/\/tvc16.com\/portal\/wp-json\/wp\/v2\/media\/11909"}],"wp:attachment":[{"href":"https:\/\/tvc16.com\/portal\/wp-json\/wp\/v2\/media?parent=11908"}],"wp:term":[{"taxonomy":"category","embeddable":true,"href":"https:\/\/tvc16.com\/portal\/wp-json\/wp\/v2\/categories?post=11908"},{"taxonomy":"post_tag","embeddable":true,"href":"https:\/\/tvc16.com\/portal\/wp-json\/wp\/v2\/tags?post=11908"}],"curies":[{"name":"wp","href":"https:\/\/api.w.org\/{rel}","templated":true}]}}