{"id":11924,"date":"2021-03-27T12:10:35","date_gmt":"2021-03-27T15:10:35","guid":{"rendered":"https:\/\/tvc16.com\/portal\/?p=11924"},"modified":"2021-03-27T12:10:37","modified_gmt":"2021-03-27T15:10:37","slug":"covid-19-brasil-tem-novo-recorde-com-2-400-mortes-diarias","status":"publish","type":"post","link":"https:\/\/tvc16.com\/portal\/2021\/03\/27\/covid-19-brasil-tem-novo-recorde-com-2-400-mortes-diarias\/","title":{"rendered":"Covid-19: Brasil tem novo recorde com 2.400 mortes di\u00e1rias"},"content":{"rendered":"\n<h3 class=\"wp-block-heading\">Pesquisa \u00e9 da Fiocruz<\/h3>\n\n\n\n<h4 class=\"wp-block-heading\">Por Vitor Abdala &#8211; Rep\u00f3rter da Ag\u00eancia Brasil &#8211; Rio de Janeiro<\/h4>\n\n\n\n<p>O Brasil atingiu ontem (26) a marca de 2.400 mortes di\u00e1rias por covid-19, segundo a m\u00e9dia m\u00f3vel de sete dias divulgada, no Rio de Janeiro, pela Funda\u00e7\u00e3o Oswaldo Cruz (Fiocruz). Com isso, foi registrado um novo recorde m\u00e9dio de \u00f3bitos.<img decoding=\"async\" src=\"https:\/\/agenciabrasil.ebc.com.br\/ebc.png?id=1405213&amp;o=node\"><img decoding=\"async\" src=\"https:\/\/agenciabrasil.ebc.com.br\/ebc.gif?id=1405213&amp;o=node\"><\/p>\n\n\n\n<p>O n\u00famero \u00e9 36,2% maior do que o de 14 dias antes (1.762 mortes) e 108,1% superior ao de um m\u00eas antes (1.153 \u00f3bitos). Tamb\u00e9m est\u00e1 com 1.303 mortes a mais (118,8%) que o patamar mais alto do ano passado (1.097 mortes).<\/p>\n\n\n\n<p>Os casos di\u00e1rios, tamb\u00e9m segundo a m\u00e9dia m\u00f3vel de sete dias, chegaram a 76.146 ontem, 7,9% a mais que 14 dias antes (70.593 casos) e 42,5% acima de um m\u00eas antes (53.422 casos).<\/p>\n\n\n\n<p>A m\u00e9dia de m\u00f3vel de sete dias, divulgada pela Fiocruz, \u00e9 calculada somando-se os registros do dia com os seis dias anteriores e dividindo o resultado dessa soma por sete. O n\u00famero \u00e9 diferente do anunciado pelo Minist\u00e9rio da Sa\u00fade, que mostra as ocorr\u00eancias de um dia espec\u00edfico.<\/p>\n\n\n\n<p>Edi\u00e7\u00e3o: Kleber Sampaio<\/p>\n","protected":false},"excerpt":{"rendered":"<p>Pesquisa \u00e9 da Fiocruz Por Vitor Abdala &#8211; Rep\u00f3rter da Ag\u00eancia Brasil &#8211; Rio de<\/p>\n","protected":false},"author":2,"featured_media":11925,"comment_status":"open","ping_status":"open","sticky":false,"template":"","format":"standard","meta":{"footnotes":""},"categories":[17],"tags":[],"class_list":["post-11924","post","type-post","status-publish","format-standard","has-post-thumbnail","hentry","category-outras-noticias"],"_links":{"self":[{"href":"https:\/\/tvc16.com\/portal\/wp-json\/wp\/v2\/posts\/11924","targetHints":{"allow":["GET"]}}],"collection":[{"href":"https:\/\/tvc16.com\/portal\/wp-json\/wp\/v2\/posts"}],"about":[{"href":"https:\/\/tvc16.com\/portal\/wp-json\/wp\/v2\/types\/post"}],"author":[{"embeddable":true,"href":"https:\/\/tvc16.com\/portal\/wp-json\/wp\/v2\/users\/2"}],"replies":[{"embeddable":true,"href":"https:\/\/tvc16.com\/portal\/wp-json\/wp\/v2\/comments?post=11924"}],"version-history":[{"count":1,"href":"https:\/\/tvc16.com\/portal\/wp-json\/wp\/v2\/posts\/11924\/revisions"}],"predecessor-version":[{"id":11926,"href":"https:\/\/tvc16.com\/portal\/wp-json\/wp\/v2\/posts\/11924\/revisions\/11926"}],"wp:featuredmedia":[{"embeddable":true,"href":"https:\/\/tvc16.com\/portal\/wp-json\/wp\/v2\/media\/11925"}],"wp:attachment":[{"href":"https:\/\/tvc16.com\/portal\/wp-json\/wp\/v2\/media?parent=11924"}],"wp:term":[{"taxonomy":"category","embeddable":true,"href":"https:\/\/tvc16.com\/portal\/wp-json\/wp\/v2\/categories?post=11924"},{"taxonomy":"post_tag","embeddable":true,"href":"https:\/\/tvc16.com\/portal\/wp-json\/wp\/v2\/tags?post=11924"}],"curies":[{"name":"wp","href":"https:\/\/api.w.org\/{rel}","templated":true}]}}