{"id":11928,"date":"2021-03-27T12:14:29","date_gmt":"2021-03-27T15:14:29","guid":{"rendered":"https:\/\/tvc16.com\/portal\/?p=11928"},"modified":"2021-03-27T12:16:13","modified_gmt":"2021-03-27T15:16:13","slug":"mostra-rane-e-cultura-negra-encerra-programacao-de-evento","status":"publish","type":"post","link":"https:\/\/tvc16.com\/portal\/2021\/03\/27\/mostra-rane-e-cultura-negra-encerra-programacao-de-evento\/","title":{"rendered":"Mostra Rane e Cultura Negra encerra programa\u00e7\u00e3o de evento"},"content":{"rendered":"\n<p>No encerramento da I Mostra Rane de Cultura Negra, uma programa\u00e7\u00e3o extensa promete movimentar este s\u00e1bado (27), com atra\u00e7\u00f5es que come\u00e7am a partir das 14h. Iniciado no dia 21, o evento realizou uma s\u00e9rie de eventos, enaltecendo a participa\u00e7\u00e3o do artista negro em diferentes manifesta\u00e7\u00f5es como oficinas, apresenta\u00e7\u00f5es de dan\u00e7a e m\u00fasica, performances teatrais, leitura dramatizada, conta\u00e7\u00e3o de hist\u00f3ria. E no \u00faltimo dia n\u00e3o poderia ser diferentes. A realiza\u00e7\u00e3o do evento \u00e9 poss\u00edvel por meio de recursos obtidos pelos governos Federal e do Estado do Rio de Janeiro, da Secretaria de Estado de Cultura e Economia Criativa do Rio de Janeiro, atrav\u00e9s da Lei Aldir Blanc.<\/p>\n\n\n\n<p>Com a\u00e7\u00f5es variadas, a mostra realiza atividades para o p\u00fablico de todas as idades. Leandra Lima abre a programa\u00e7\u00e3o do \u00faltimo dia, \u00e0s 14h, com conta\u00e7\u00e3o da hist\u00f3ria \u201cAs tran\u00e7as de Bintou\u201d. O texto fala de uma menina e bonita corajosa, mas que n\u00e3o se enxerga dessa forma. A obra aborda o autoconhecimento e aceita\u00e7\u00e3o das ra\u00edzes.<\/p>\n\n\n\n<p>\u00c0s 18h, haver\u00e1 leitura dramatizada com Maicon Vianna com o texto \u201cDeus N\u00e3o Assiste TV\u201d. Baseado em relatos, textos, poesias e na triste e cruel realidade do negro no Brasil, a obra provoca reflex\u00f5es sobre a sociedade e como os negros s\u00e3o vistos. Na sequ\u00eancia haver\u00e1 oficina de consci\u00eancia corporal, com Kyldare Rodrigues.<\/p>\n\n\n\n<p>E no encerramento, \u00e0s 20h, haver\u00e1 apresenta\u00e7\u00e3o do show \u201cLa\u00e7os\u201d, da Focos Produ\u00e7\u00f5es, com dire\u00e7\u00e3o de Rodolfo Medeiros. A \u00faltima atra\u00e7\u00e3o do dia conta com a participa\u00e7\u00e3o das artistas Tainara Claudino, Dandara Claudino &nbsp;e Danilo Henriques e do figurinista Renan Miranda.<\/p>\n\n\n\n<p>Toda a programa\u00e7\u00e3o pode ser acessada pelo canal do Youtube do evento <a href=\"https:\/\/youtu.be\/DFUrjDg6VLc\">https:\/\/youtu.be\/DFUrjDg6VLc<\/a>.&nbsp; A primeira edi\u00e7\u00e3o do evento teve como objetivo fomentar atividades art\u00edsticas que enaltecem a cultura negra na cidade. A proposta \u00e9 incentivar reflex\u00f5es sobre o racismo, ainda t\u00e3o presente na sociedade e diretamente refletido na desigual oportunidade ao artista negro. A iniciativa visa entrar para o calend\u00e1rio de eventos oficiais da cidade.<\/p>\n\n\n\n<p><strong>Rane &#8211; Casa de Cultura Negra segue com a proposta de destacar a cultura negra da cidade<\/strong><\/p>\n\n\n\n<p>O foco na valoriza\u00e7\u00e3o da cultura e manifesta\u00e7\u00e3o art\u00edstica do negro da cidade \u00e9 o principal objetivo da Rane &#8211; Casa de Cultura Negra, fundada em Petr\u00f3polis em 2019. Desde ent\u00e3o, os envolvidos t\u00eam se engajado no fortalecimento e manuten\u00e7\u00e3o das tradi\u00e7\u00f5es, al\u00e9m de desenvolver atividades art\u00edsticas e culturais dos negros de Petr\u00f3polis. Criado por Soninha Maracan\u00e3, o espa\u00e7o \u00e9 o primeiro a valorizar a arte negra local.<\/p>\n\n\n\n<p><strong>27\/03&nbsp;<\/strong><\/p>\n\n\n\n<p>14h \u2013 Conta\u00e7\u00e3o de hist\u00f3ria com Leandra Lima<\/p>\n\n\n\n<p>18h \u2013 Leitura dramatizada \u201cDeus n\u00e3o assiste TV\u201d, com Maicon Vianna<\/p>\n\n\n\n<p>19h &#8211; Oficina de consci\u00eancia corporal, com Kyldare Rodrigues<\/p>\n\n\n\n<p>20h &#8211; Show \u201cLa\u00e7os\u201d, de Focos Produ\u00e7\u00f5es<\/p>\n","protected":false},"excerpt":{"rendered":"<p>No encerramento da I Mostra Rane de Cultura Negra, uma programa\u00e7\u00e3o extensa promete movimentar este<\/p>\n","protected":false},"author":2,"featured_media":11929,"comment_status":"open","ping_status":"open","sticky":false,"template":"","format":"standard","meta":{"footnotes":""},"categories":[12],"tags":[],"class_list":["post-11928","post","type-post","status-publish","format-standard","has-post-thumbnail","hentry","category-cidade"],"_links":{"self":[{"href":"https:\/\/tvc16.com\/portal\/wp-json\/wp\/v2\/posts\/11928","targetHints":{"allow":["GET"]}}],"collection":[{"href":"https:\/\/tvc16.com\/portal\/wp-json\/wp\/v2\/posts"}],"about":[{"href":"https:\/\/tvc16.com\/portal\/wp-json\/wp\/v2\/types\/post"}],"author":[{"embeddable":true,"href":"https:\/\/tvc16.com\/portal\/wp-json\/wp\/v2\/users\/2"}],"replies":[{"embeddable":true,"href":"https:\/\/tvc16.com\/portal\/wp-json\/wp\/v2\/comments?post=11928"}],"version-history":[{"count":1,"href":"https:\/\/tvc16.com\/portal\/wp-json\/wp\/v2\/posts\/11928\/revisions"}],"predecessor-version":[{"id":11930,"href":"https:\/\/tvc16.com\/portal\/wp-json\/wp\/v2\/posts\/11928\/revisions\/11930"}],"wp:featuredmedia":[{"embeddable":true,"href":"https:\/\/tvc16.com\/portal\/wp-json\/wp\/v2\/media\/11929"}],"wp:attachment":[{"href":"https:\/\/tvc16.com\/portal\/wp-json\/wp\/v2\/media?parent=11928"}],"wp:term":[{"taxonomy":"category","embeddable":true,"href":"https:\/\/tvc16.com\/portal\/wp-json\/wp\/v2\/categories?post=11928"},{"taxonomy":"post_tag","embeddable":true,"href":"https:\/\/tvc16.com\/portal\/wp-json\/wp\/v2\/tags?post=11928"}],"curies":[{"name":"wp","href":"https:\/\/api.w.org\/{rel}","templated":true}]}}