{"id":11931,"date":"2021-03-27T12:15:27","date_gmt":"2021-03-27T15:15:27","guid":{"rendered":"https:\/\/tvc16.com\/portal\/?p=11931"},"modified":"2021-03-27T12:15:58","modified_gmt":"2021-03-27T15:15:58","slug":"mostra-de-teatro-prorroga-realizacao-aumenta-premiacoes-e-tera-escolha-de-melhor-espetaculo-por-juri-popular","status":"publish","type":"post","link":"https:\/\/tvc16.com\/portal\/2021\/03\/27\/mostra-de-teatro-prorroga-realizacao-aumenta-premiacoes-e-tera-escolha-de-melhor-espetaculo-por-juri-popular\/","title":{"rendered":"Mostra de Teatro prorroga realiza\u00e7\u00e3o, aumenta premia\u00e7\u00f5es; e ter\u00e1 escolha de melhor espet\u00e1culo por j\u00fari popular"},"content":{"rendered":"\n<p>A 11\u00aa Mostra de Teatro de Petr\u00f3polis prorrogou o tempo de realiza\u00e7\u00e3o do evento e aumentou o n\u00famero de pr\u00eamios por categoria. O an\u00fancio dos espet\u00e1culos vencedores, que seria neste domingo (28), ser\u00e1 realizado dia 31 de mar\u00e7o (quarta-feira) e agora, as premia\u00e7\u00f5es v\u00e3o considerar as categorias adulto e infantil nos quesitos: Melhor Espet\u00e1culo, Atriz, Ator e Dire\u00e7\u00e3o. Assim, passam a ser 15 pr\u00eamios, tendo ainda trof\u00e9us para o melhor Texto, Trilha Sonora, Cen\u00e1rio, Figurino, Inova\u00e7\u00e3o, Categoria Especial e o Melhor Espet\u00e1culo por J\u00fari Popular. A realiza\u00e7\u00e3o do evento \u00e9 poss\u00edvel por meio de recursos obtidos pelos governos Federal e do Estado do Rio de Janeiro, da Secretaria de Estado de Cultura e Economia Criativa do Rio de Janeiro, atrav\u00e9s da Lei Aldir Blanc.<\/p>\n\n\n\n<p>A mudan\u00e7a no cronograma levou em considera\u00e7\u00e3o os trabalhos inscritos e a demanda por mais tempo de realiza\u00e7\u00e3o e disponibiliza\u00e7\u00e3o dos espet\u00e1culos selecionados. O p\u00fablico pode acessar o site do evento (<a href=\"https:\/\/www.mostrateatropetropolis.com.br\/\">https:\/\/www.mostrateatropetropolis.com.br\/<\/a>), assistir aos 10 espet\u00e1culos e votar no que mais gostar pelo link (<a href=\"https:\/\/mostrateatropetropolis.com.br\/Institucional\/vote\">https:\/\/mostrateatropetropolis.com.br\/Institucional\/vote<\/a>). O acesso e voto do p\u00fablico podem ser feitos at\u00e9 o dia 30 de mar\u00e7o. O an\u00fancio dos vencedores ser\u00e1 dia 31 e ap\u00f3s essa data, os espet\u00e1culos continuar\u00e3o no site at\u00e9 o dia 4 de abril para a visualiza\u00e7\u00e3o do p\u00fablico gratuitamente.<\/p>\n\n\n\n<p>Entre os trabalhos que passam por avalia\u00e7\u00e3o da banca de jurados est\u00e3o: \u201cDi\u00e1rio de \u00daltimo Ato\u201d, da Cia Pl\u00fambea; \u201cMar de May\u00e3\u201d, do Teatro de Garagem; \u201c(R) Existir\u201d, da Cia Teatro Livro Aberto; \u201cUm R\u00e9quiem para Esmeralda\u201d, do Grupo Palhast\u00f4nicos e Teatro Circense Andan\u00e7a; \u201cO Povo em P\u00e9!\u201d, da Satura Companhia de Teatro\u201d; \u201cSem Palavras, Cem Risadas\u201d, do Grupo Palhast\u00f4nicos e Teatro Circense Andan\u00e7a; \u201cMundo C\u00e3o ou a Incr\u00edvel Hist\u00f3ria do C\u00e3o sem Nome\u201d, da Companhia On\u00edrica; \u201cA Mulher Maracan\u00e3\u201d, do Denegrindo Coletivo de Teatro; \u201cN\u00f3s\u201d, da Sekreta Conex\u00f5es Culturais; e \u201cTempos Verbais\u201d, de La\u00e9rcio Motta.<\/p>\n\n\n\n<p>O corpo de jurados que avalia os trabalhos \u00e9 formado pelo cr\u00edtico teatral S\u00e9rgio Fonta, a atriz Il\u00e9a Ferraz e o produtor Sandro Rabello. Este ano, a mostra \u00e9 inteiramente on-line e gratuita. Os trabalhos selecionados ser\u00e3o premiados com R$ 6 mil, al\u00e9m dos trof\u00e9us por categorias. A mostra teve in\u00edcio no dia 1\u00ba de mar\u00e7o, com a abertura das inscri\u00e7\u00f5es de espet\u00e1culos.<\/p>\n\n\n\n<p>Ao todo, 23 trabalhos de artistas petropolitanos foram inscritos. Desses, 10 foram selecionados e est\u00e3o liberados para acesso no site do evento. Ao longo do evento, foram realizadas lives, oficinas e os integrantes dos grupos selecionados participaram de bate-papo. Os premiados por categoria receber\u00e3o um trof\u00e9u confeccionado exclusivamente para a mostra, pela a artista pl\u00e1stica e atriz Flavia Miranda.<\/p>\n","protected":false},"excerpt":{"rendered":"<p>A 11\u00aa Mostra de Teatro de Petr\u00f3polis prorrogou o tempo de realiza\u00e7\u00e3o do evento e<\/p>\n","protected":false},"author":2,"featured_media":11932,"comment_status":"open","ping_status":"open","sticky":false,"template":"","format":"standard","meta":{"footnotes":""},"categories":[12],"tags":[],"class_list":["post-11931","post","type-post","status-publish","format-standard","has-post-thumbnail","hentry","category-cidade"],"_links":{"self":[{"href":"https:\/\/tvc16.com\/portal\/wp-json\/wp\/v2\/posts\/11931","targetHints":{"allow":["GET"]}}],"collection":[{"href":"https:\/\/tvc16.com\/portal\/wp-json\/wp\/v2\/posts"}],"about":[{"href":"https:\/\/tvc16.com\/portal\/wp-json\/wp\/v2\/types\/post"}],"author":[{"embeddable":true,"href":"https:\/\/tvc16.com\/portal\/wp-json\/wp\/v2\/users\/2"}],"replies":[{"embeddable":true,"href":"https:\/\/tvc16.com\/portal\/wp-json\/wp\/v2\/comments?post=11931"}],"version-history":[{"count":1,"href":"https:\/\/tvc16.com\/portal\/wp-json\/wp\/v2\/posts\/11931\/revisions"}],"predecessor-version":[{"id":11933,"href":"https:\/\/tvc16.com\/portal\/wp-json\/wp\/v2\/posts\/11931\/revisions\/11933"}],"wp:featuredmedia":[{"embeddable":true,"href":"https:\/\/tvc16.com\/portal\/wp-json\/wp\/v2\/media\/11932"}],"wp:attachment":[{"href":"https:\/\/tvc16.com\/portal\/wp-json\/wp\/v2\/media?parent=11931"}],"wp:term":[{"taxonomy":"category","embeddable":true,"href":"https:\/\/tvc16.com\/portal\/wp-json\/wp\/v2\/categories?post=11931"},{"taxonomy":"post_tag","embeddable":true,"href":"https:\/\/tvc16.com\/portal\/wp-json\/wp\/v2\/tags?post=11931"}],"curies":[{"name":"wp","href":"https:\/\/api.w.org\/{rel}","templated":true}]}}