{"id":11934,"date":"2021-03-27T12:24:49","date_gmt":"2021-03-27T15:24:49","guid":{"rendered":"https:\/\/tvc16.com\/portal\/?p=11934"},"modified":"2021-03-28T19:13:04","modified_gmt":"2021-03-28T22:13:04","slug":"prefeitura-e-forcas-de-seguranca-da-cidade-reforcam-operacoes-do-choque-de-ordem","status":"publish","type":"post","link":"https:\/\/tvc16.com\/portal\/2021\/03\/27\/prefeitura-e-forcas-de-seguranca-da-cidade-reforcam-operacoes-do-choque-de-ordem\/","title":{"rendered":"Prefeitura e for\u00e7as de seguran\u00e7a refor\u00e7am Opera\u00e7\u00e3o  Choque de Ordem, em Petr\u00f3polis"},"content":{"rendered":"\n<p>Duas multas para dois bares localizados na Rua 24 de Maio e no bairro Vital Brasil. Esse foi o saldo do choque de ordem realizado na noite de ontem (26.03). Diversos estabelecimentos tamb\u00e9m foram orientados e encerraram as atividades \u00e0s 22h, de acordo com as medidas restritivas que foram determinadas pelo governo municipal. Todas as a\u00e7\u00f5es est\u00e3o sendo realizadas em parceria com as for\u00e7as de seguran\u00e7a e foram intensificadas para garantir o cumprimento do decreto 050 do dia 25 de mar\u00e7o de 2021.<\/p>\n\n\n\n<p>A secret\u00e1ria de Servi\u00e7os, Seguran\u00e7a e Ordem P\u00fablica, Karina Bronzo, afirmou que as for\u00e7as de seguran\u00e7a (Guarda Civil e Pol\u00edcia Militar), em conjunto com as equipes de fiscaliza\u00e7\u00e3o de Posturas e Sanit\u00e1ria, percorrem os bairros do munic\u00edpio do primeiro ao quinto distrito, principalmente os locais onde costuma haver den\u00fancias de aglomera\u00e7\u00e3o, como Rua 13 de Maio, Imperador, Castel\u00e2nea e Itaipava, para evitar as aglomera\u00e7\u00f5es e descumprimento das regras estabelecidas.<\/p>\n\n\n\n<p>\u201cEstamos operando por toda cidade. Todo o efetivo est\u00e1 de prontid\u00e3o e atendendo chamados para que as medidas restritivas necess\u00e1rias sejam cumpridas dentro do que est\u00e1 estabelecido no decreto. Caso o estabelecimento seja reincidente, al\u00e9m de multados, os mesmo podem ser interditados por tempo indeterminado\u201d, aponta a secret\u00e1ria.<\/p>\n\n\n\n<p>Den\u00fancias sobre descumprimento de decretos municipais e aglomera\u00e7\u00f5es podem ser feitas \u00e0 Guarda Municipal, pelos telefones 153 ou (24) 2246-9257 (funciona 24h); Fiscaliza\u00e7\u00e3o, pelos telefones (24) 2246-9042 ou 2246-9043 (funciona de segunda a sexta-feira das 9h \u00e0s 18h); e Vigil\u00e2ncia Sanit\u00e1ria, pelos telefones 2246-9041 (funciona de segunda a sexta-feira das 8h \u00e0s 17h). Den\u00fancias de aglomera\u00e7\u00f5es tamb\u00e9m podem ser feitas \u00e0 Pol\u00edcia Militar, pelos telefones 190 ou 2291-4020.<\/p>\n","protected":false},"excerpt":{"rendered":"<p>Duas multas para dois bares localizados na Rua 24 de Maio e no bairro Vital<\/p>\n","protected":false},"author":2,"featured_media":11935,"comment_status":"open","ping_status":"open","sticky":false,"template":"","format":"standard","meta":{"footnotes":""},"categories":[12],"tags":[],"class_list":["post-11934","post","type-post","status-publish","format-standard","has-post-thumbnail","hentry","category-cidade"],"_links":{"self":[{"href":"https:\/\/tvc16.com\/portal\/wp-json\/wp\/v2\/posts\/11934","targetHints":{"allow":["GET"]}}],"collection":[{"href":"https:\/\/tvc16.com\/portal\/wp-json\/wp\/v2\/posts"}],"about":[{"href":"https:\/\/tvc16.com\/portal\/wp-json\/wp\/v2\/types\/post"}],"author":[{"embeddable":true,"href":"https:\/\/tvc16.com\/portal\/wp-json\/wp\/v2\/users\/2"}],"replies":[{"embeddable":true,"href":"https:\/\/tvc16.com\/portal\/wp-json\/wp\/v2\/comments?post=11934"}],"version-history":[{"count":2,"href":"https:\/\/tvc16.com\/portal\/wp-json\/wp\/v2\/posts\/11934\/revisions"}],"predecessor-version":[{"id":11941,"href":"https:\/\/tvc16.com\/portal\/wp-json\/wp\/v2\/posts\/11934\/revisions\/11941"}],"wp:featuredmedia":[{"embeddable":true,"href":"https:\/\/tvc16.com\/portal\/wp-json\/wp\/v2\/media\/11935"}],"wp:attachment":[{"href":"https:\/\/tvc16.com\/portal\/wp-json\/wp\/v2\/media?parent=11934"}],"wp:term":[{"taxonomy":"category","embeddable":true,"href":"https:\/\/tvc16.com\/portal\/wp-json\/wp\/v2\/categories?post=11934"},{"taxonomy":"post_tag","embeddable":true,"href":"https:\/\/tvc16.com\/portal\/wp-json\/wp\/v2\/tags?post=11934"}],"curies":[{"name":"wp","href":"https:\/\/api.w.org\/{rel}","templated":true}]}}