{"id":11948,"date":"2021-03-29T11:51:05","date_gmt":"2021-03-29T14:51:05","guid":{"rendered":"https:\/\/tvc16.com\/portal\/?p=11948"},"modified":"2021-03-29T11:51:07","modified_gmt":"2021-03-29T14:51:07","slug":"canarinhos-lancam-nesta-terca-documentario-sobre-seus-quase-80-anos-de-historia","status":"publish","type":"post","link":"https:\/\/tvc16.com\/portal\/2021\/03\/29\/canarinhos-lancam-nesta-terca-documentario-sobre-seus-quase-80-anos-de-historia\/","title":{"rendered":"Canarinhos lan\u00e7am nesta ter\u00e7a document\u00e1rio sobre seus quase 80 anos de hist\u00f3ria"},"content":{"rendered":"\n<p><em>Foram recolhidos depoimentos de um ex-canarinho por d\u00e9cada: da funda\u00e7\u00e3o do Instituto, nos anos 40, at\u00e9 os dias de hoje<\/em><\/p>\n\n\n\n<p>Acostumado a contar hist\u00f3rias atrav\u00e9s da m\u00fasica, chegou a vez do Instituto dos Meninos Cantores de Petr\u00f3polis ter a pr\u00f3pria trajet\u00f3ria contada. Gra\u00e7as \u00e0 Lei Aldir Blanc, o coro de meninos mais antigo do Brasil vai levar \u00e0s telas sua hist\u00f3ria de sucesso que atravessa gera\u00e7\u00f5es no curta-metragem \u201cCanarinhos de Petr\u00f3polis &#8211; Tradi\u00e7\u00e3o e Contemporaneidade\u201d. A produ\u00e7\u00e3o estreia nesta ter\u00e7a-feira (30), \u00e0s 19 horas, nas p\u00e1ginas do IMCP.<\/p>\n\n\n\n<p>\u201cCanarinhos de Petr\u00f3polis &#8211; Tradi\u00e7\u00e3o e Contemporaneidade\u201d foi um dos projetos contemplados pelo Edital de Chamada P\u00fablica Simplificada N\u00ba 03\/2020, na Lei Aldir Blanc, realizado pela Prefeitura Municipal de Petr\u00f3polis e pelo Instituto Municipal de Cultura e Esportes, em parceria com a Secretaria Especial de Cultura, o Minist\u00e9rio do Turismo e o Governo Federal.<\/p>\n\n\n\n<p>Como o nome do document\u00e1rio bem aponta, os Canarinhos foram capazes de se adaptar \u00e0 modernidade, sem perder sua ess\u00eancia e a tradi\u00e7\u00e3o que os move. Foram cerca de dois meses de produ\u00e7\u00e3o do curta-metragem em que foram reunidas imagens de arquivo, registros de apresenta\u00e7\u00f5es e depoimentos de coralistas, ex-coralistas e fam\u00edlias que acompanharam de perto o que \u00e9 fazer parte do Instituto.<\/p>\n\n\n\n<p>De acordo com o Frei Marcos Ant\u00f4nio de Andrade, um dos aspectos mais interessantes sobre o projeto foi a possibilidade de reunir depoimentos de um ex-canarinho por d\u00e9cada: da funda\u00e7\u00e3o do Instituto, nos anos 40, at\u00e9 os dias de hoje. \u201cVamos comemorar 80 anos de Canarinhos em 2022, ent\u00e3o a ideia foi recolher depoimentos que traduzissem esses 80 anos de hist\u00f3ria na m\u00fasica, educa\u00e7\u00e3o e forma\u00e7\u00e3o dos coralistas\u201d, diz o diretor.<\/p>\n\n\n\n<p>Parte do cen\u00e1rio cultural local, nacional e internacional, o Coral dos Canarinhos de Petr\u00f3polis j\u00e1 formou milhares de jovens desde que foi fundado. Com uma discografia de 18 \u00e1lbuns e apresenta\u00e7\u00f5es por diversas cidades do Brasil, Estados Unidos, Alemanha, \u00c1ustria, Rep\u00fablica Tcheca, It\u00e1lia, Venezuela e Argentina, o IMCP \u00e9 motivo de orgulho para Petr\u00f3polis e quem nela habita.<\/p>\n\n\n\n<p>Tendo iniciado suas atividades em 1942, com a cria\u00e7\u00e3o do coro junto \u00e0 Escola Gratuita S\u00e3o Jos\u00e9, os Canarinhos trilharam um caminho de sucesso e conquistas, sem abandonar suas ra\u00edzes que, inclusive, ter\u00e3o lugar no curta-metragem. \u201cPor muitos anos os meninos sa\u00edam da Escola Gratuita S\u00e3o Jos\u00e9 e eram levados de kombi para as aulas de m\u00fasica na Santos Dumont. E esse vai ser um dos trajetos que vamos refazer no curta\u201d, adianta Frei Marcos.<\/p>\n\n\n\n<p>O curta poder\u00e1 ser acessado nesta ter\u00e7a-feira (30), a partir das 19 horas, no Facebook e YouTube tanto dos Canarinhos, quanto da TV Franciscanos.<\/p>\n","protected":false},"excerpt":{"rendered":"<p>Foram recolhidos depoimentos de um ex-canarinho por d\u00e9cada: da funda\u00e7\u00e3o do Instituto, nos anos 40,<\/p>\n","protected":false},"author":2,"featured_media":11949,"comment_status":"open","ping_status":"open","sticky":false,"template":"","format":"standard","meta":{"footnotes":""},"categories":[12],"tags":[],"class_list":["post-11948","post","type-post","status-publish","format-standard","has-post-thumbnail","hentry","category-cidade"],"_links":{"self":[{"href":"https:\/\/tvc16.com\/portal\/wp-json\/wp\/v2\/posts\/11948","targetHints":{"allow":["GET"]}}],"collection":[{"href":"https:\/\/tvc16.com\/portal\/wp-json\/wp\/v2\/posts"}],"about":[{"href":"https:\/\/tvc16.com\/portal\/wp-json\/wp\/v2\/types\/post"}],"author":[{"embeddable":true,"href":"https:\/\/tvc16.com\/portal\/wp-json\/wp\/v2\/users\/2"}],"replies":[{"embeddable":true,"href":"https:\/\/tvc16.com\/portal\/wp-json\/wp\/v2\/comments?post=11948"}],"version-history":[{"count":1,"href":"https:\/\/tvc16.com\/portal\/wp-json\/wp\/v2\/posts\/11948\/revisions"}],"predecessor-version":[{"id":11950,"href":"https:\/\/tvc16.com\/portal\/wp-json\/wp\/v2\/posts\/11948\/revisions\/11950"}],"wp:featuredmedia":[{"embeddable":true,"href":"https:\/\/tvc16.com\/portal\/wp-json\/wp\/v2\/media\/11949"}],"wp:attachment":[{"href":"https:\/\/tvc16.com\/portal\/wp-json\/wp\/v2\/media?parent=11948"}],"wp:term":[{"taxonomy":"category","embeddable":true,"href":"https:\/\/tvc16.com\/portal\/wp-json\/wp\/v2\/categories?post=11948"},{"taxonomy":"post_tag","embeddable":true,"href":"https:\/\/tvc16.com\/portal\/wp-json\/wp\/v2\/tags?post=11948"}],"curies":[{"name":"wp","href":"https:\/\/api.w.org\/{rel}","templated":true}]}}