{"id":11956,"date":"2021-03-29T19:25:31","date_gmt":"2021-03-29T22:25:31","guid":{"rendered":"https:\/\/tvc16.com\/portal\/?p=11956"},"modified":"2021-03-29T19:25:34","modified_gmt":"2021-03-29T22:25:34","slug":"quase-9-milhoes-de-contribuintes-enviaram-declaracao-do-irpf","status":"publish","type":"post","link":"https:\/\/tvc16.com\/portal\/2021\/03\/29\/quase-9-milhoes-de-contribuintes-enviaram-declaracao-do-irpf\/","title":{"rendered":"Quase 9 milh\u00f5es de contribuintes enviaram declara\u00e7\u00e3o do IRPF"},"content":{"rendered":"\n<h3 class=\"wp-block-heading\">Segundo balan\u00e7o, n\u00famero representa 27,6% do total de declara\u00e7\u00f5es<\/h3>\n\n\n\n<h4 class=\"wp-block-heading\">Por Wellton M\u00e1ximo \u2013 Rep\u00f3rter da Ag\u00eancia Brasil &#8211; Bras\u00edlia<\/h4>\n\n\n\n<p>Nas quatro primeiras semanas de entrega da Declara\u00e7\u00e3o do Imposto de Renda Pessoa F\u00edsica, 8.992.283 contribuintes acertaram as contas com o Le\u00e3o. Isso equivale a 27,6% do previsto para este ano.<img decoding=\"async\" src=\"https:\/\/agenciabrasil.ebc.com.br\/ebc.png?id=1405355&amp;o=node\"><img decoding=\"async\" src=\"https:\/\/agenciabrasil.ebc.com.br\/ebc.gif?id=1405355&amp;o=node\"><\/p>\n\n\n\n<p>O balan\u00e7o foi divulgado na tarde de hoje (29) pela Receita Federal, com dados apurados at\u00e9 as 11h desta segunda-feira.<\/p>\n\n\n\n<p>Neste ano, o Fisco espera receber at\u00e9 32.619.749 declara\u00e7\u00f5es. No ano passado, foram enviadas 31.980.146 declara\u00e7\u00f5es.<\/p>\n\n\n\n<p>O prazo de entrega come\u00e7ou em 1\u00ba de mar\u00e7o e ir\u00e1 at\u00e9 as 23h50min59s de 30 de abril.<\/p>\n\n\n\n<p>Voc\u00ea&nbsp;j\u00e1 enviou a sua declara\u00e7\u00e3o \u00e0 Receita?https:\/\/platform.twitter.com\/embed\/Tweet.html?creatorScreenName=agenciabrasil&amp;dnt=false&amp;embedId=twitter-widget-0&amp;frame=false&amp;hideCard=false&amp;hideThread=false&amp;id=1376624253550878721&amp;lang=pt&amp;origin=https%3A%2F%2Fagenciabrasil.ebc.com.br%2Feconomia%2Fnoticia%2F2021-03%2Fquase-9-milhoes-de-contribuintes-enviaram-declaracao-do-irpf&amp;siteScreenName=agenciabrasil&amp;theme=light&amp;widgetsVersion=e1ffbdb%3A1614796141937&amp;width=550px<\/p>\n\n\n\n<p>O programa para computador est\u00e1 dispon\u00edvel na&nbsp;<a href=\"http:\/\/www.receita.economia.gov.br\/\" target=\"_blank\" rel=\"noreferrer noopener\">p\u00e1gina da Receita Federal na internet<\/a>. Quem perder o prazo de envio ter\u00e1 de pagar multa de R$ 165,74 ou 1% do imposto devido, prevalecendo o maior valor.<\/p>\n\n\n\n<p>A entrega \u00e9 obrigat\u00f3ria para quem recebeu acima de R$ 28.559,70 em rendimentos tribut\u00e1veis em 2020. Isso equivale a um sal\u00e1rio acima de R$ 1.903,98, inclu\u00eddo o d\u00e9cimo terceiro.<\/p>\n\n\n\n<p>Tamb\u00e9m dever\u00e1 entregar a declara\u00e7\u00e3o quem tenha recebido rendimentos isentos acima de R$ 40 mil em 2020, quem tenha obtido ganho de capital na venda de bens ou realizou opera\u00e7\u00f5es de qualquer tipo na Bolsa de Valores, quem tenha patrim\u00f4nio acima de R$ 300 mil at\u00e9 31 de dezembro do ano passado e quem optou pela isen\u00e7\u00e3o de imposto de venda de um im\u00f3vel residencial para a compra de um outro im\u00f3vel em at\u00e9 180 dias.<\/p>\n\n\n\n<h2 class=\"wp-block-heading\">Restitui\u00e7\u00e3o<\/h2>\n\n\n\n<p>Pelas estimativas da Receita Federal, 60% das declara\u00e7\u00f5es ter\u00e3o restitui\u00e7\u00e3o de imposto, 21% n\u00e3o ter\u00e3o imposto a pagar nem a restituir e 19% ter\u00e3o imposto a pagar.<\/p>\n\n\n\n<p>Assim como no ano passado, ser\u00e3o pagos cinco lotes de restitui\u00e7\u00e3o. Os reembolsos ser\u00e3o distribu\u00eddos nas seguintes datas: 31 de maio (primeiro lote), 30 de junho (segundo lote), 30 de julho (terceiro lote), 31 de agosto (quarto lote) e 30 de setembro (quinto lote).<\/p>\n\n\n\n<h2 class=\"wp-block-heading\">Novidades<\/h2>\n\n\n\n<p>As regras para a entrega da declara\u00e7\u00e3o do Imposto de Renda foram divulgadas na semana passada pela Receita. Entre as principais novidades, est\u00e1 a obrigatoriedade de&nbsp;<a href=\"https:\/\/agenciabrasil.ebc.com.br\/economia\/noticia\/2021-02\/auxilio-emergencial-e-criptomoedas-deverao-ser-declarados-no-ir\" target=\"_blank\" rel=\"noreferrer noopener\">declarar o aux\u00edlio emergencial<\/a>&nbsp;de quem recebeu mais de R$ 22.847,76 em outros rendimentos tribut\u00e1veis e a cria\u00e7\u00e3o de tr\u00eas campos na ficha \u201cBens e direitos\u201d para o contribuinte informar criptomoedas e outros ativos eletr\u00f4nicos.<\/p>\n\n\n\n<p>O prazo para as empresas, os bancos e as demais institui\u00e7\u00f5es financeiras e os planos de sa\u00fade fornecerem os comprovantes de rendimentos acabou em 26 de fevereiro. O contribuinte tamb\u00e9m deve juntar&nbsp;<a href=\"https:\/\/agenciabrasil.ebc.com.br\/economia\/noticia\/2021-02\/contribuinte-pode-juntar-documentos-para-declarar-imposto-de-renda\" target=\"_blank\" rel=\"noreferrer noopener\">recibos, no caso de alugu\u00e9is, de pens\u00f5es, de presta\u00e7\u00f5es de servi\u00e7os, e notas fiscais<\/a>, usadas para comprovar dedu\u00e7\u00f5es.<\/p>\n\n\n\n<figure class=\"wp-block-image\"><img decoding=\"async\" src=\"https:\/\/imagens.ebc.com.br\/Pq74EtT7Pmn4EP7y6JDUGDt3Xw8=\/754x0\/smart\/https:\/\/agenciabrasil.ebc.com.br\/sites\/default\/files\/thumbnails\/image\/abr-explica_irpf_.png?itok=SqgCPC8Y\" alt=\"Ag\u00eancia Brasil explica: regras e novidades do Imposto de Renda 2021\" title=\"Arte\/Ag\u00eancia Brasil\"\/><\/figure>\n\n\n\n<p>Ag\u00eancia Brasil explica: regras e novidades do Imposto de Renda 2021 &#8211;&nbsp;<strong>Arte\/Ag\u00eancia Brasil<\/strong><\/p>\n\n\n\n<p>Edi\u00e7\u00e3o: L\u00edlian Beraldo<\/p>\n","protected":false},"excerpt":{"rendered":"<p>Segundo balan\u00e7o, n\u00famero representa 27,6% do total de declara\u00e7\u00f5es Por Wellton M\u00e1ximo \u2013 Rep\u00f3rter da<\/p>\n","protected":false},"author":2,"featured_media":11957,"comment_status":"open","ping_status":"open","sticky":false,"template":"","format":"standard","meta":{"footnotes":""},"categories":[17],"tags":[],"class_list":["post-11956","post","type-post","status-publish","format-standard","has-post-thumbnail","hentry","category-outras-noticias"],"_links":{"self":[{"href":"https:\/\/tvc16.com\/portal\/wp-json\/wp\/v2\/posts\/11956","targetHints":{"allow":["GET"]}}],"collection":[{"href":"https:\/\/tvc16.com\/portal\/wp-json\/wp\/v2\/posts"}],"about":[{"href":"https:\/\/tvc16.com\/portal\/wp-json\/wp\/v2\/types\/post"}],"author":[{"embeddable":true,"href":"https:\/\/tvc16.com\/portal\/wp-json\/wp\/v2\/users\/2"}],"replies":[{"embeddable":true,"href":"https:\/\/tvc16.com\/portal\/wp-json\/wp\/v2\/comments?post=11956"}],"version-history":[{"count":1,"href":"https:\/\/tvc16.com\/portal\/wp-json\/wp\/v2\/posts\/11956\/revisions"}],"predecessor-version":[{"id":11958,"href":"https:\/\/tvc16.com\/portal\/wp-json\/wp\/v2\/posts\/11956\/revisions\/11958"}],"wp:featuredmedia":[{"embeddable":true,"href":"https:\/\/tvc16.com\/portal\/wp-json\/wp\/v2\/media\/11957"}],"wp:attachment":[{"href":"https:\/\/tvc16.com\/portal\/wp-json\/wp\/v2\/media?parent=11956"}],"wp:term":[{"taxonomy":"category","embeddable":true,"href":"https:\/\/tvc16.com\/portal\/wp-json\/wp\/v2\/categories?post=11956"},{"taxonomy":"post_tag","embeddable":true,"href":"https:\/\/tvc16.com\/portal\/wp-json\/wp\/v2\/tags?post=11956"}],"curies":[{"name":"wp","href":"https:\/\/api.w.org\/{rel}","templated":true}]}}