{"id":1196,"date":"2020-09-25T00:40:26","date_gmt":"2020-09-25T00:40:26","guid":{"rendered":"https:\/\/tvc16.com\/portal\/?p=1196"},"modified":"2020-09-25T00:40:26","modified_gmt":"2020-09-25T00:40:26","slug":"declaracoes-de-ministro-da-educacao-desagradam-ate-o-governo","status":"publish","type":"post","link":"https:\/\/tvc16.com\/portal\/2020\/09\/25\/declaracoes-de-ministro-da-educacao-desagradam-ate-o-governo\/","title":{"rendered":"Declara\u00e7\u00f5es de ministro da Educa\u00e7\u00e3o desagradam at\u00e9 o governo"},"content":{"rendered":"\n<p>Em entrevista ao Estad\u00e3o, Milton Ribeiro atribuiu a homossexualidade de jovens a &#8220;fam\u00edlias desajustadas<\/p>\n\n\n\n<p>Ag\u00eancia Estado<\/p>\n\n\n\n<p>24.09.20 20h50<\/p>\n\n\n\n<p>Parlamentares e especialistas reagiram na quinta-feira, 24, \u00e0 entrevista do ministro da Educa\u00e7\u00e3o, Milton Ribeiro, ao Estad\u00e3o, na qual ele exime a pasta de responsabilidades sobre a volta \u00e0s aulas no Pa\u00eds e atribui a homossexualidade de jovens a &#8220;fam\u00edlias desajustadas&#8221;. As declara\u00e7\u00f5es repercutiram mal dentro do governo.<\/p>\n\n\n\n<p>O senador Fabiano Contarato (Rede-ES) pretende ir ao Supremo Tribunal Federal para que o ministro seja investigado por homofobia. E o deputado David Miranda (PSOL-RJ) pretende acionar o Minist\u00e9rio P\u00fablico Federal pelas mesmas raz\u00f5es. &#8220;\u00c9 requisito nesse governo de &#8220;desajustados&#8221; ser um criminoso homof\u00f3bico!&#8221;, postou Miranda em seu Twitter.<\/p>\n\n\n\n<p>Na entrevista, o ministro afirmou que deve revisitar o curr\u00edculo do ensino b\u00e1sico e promover mudan\u00e7as em rela\u00e7\u00e3o \u00e0 educa\u00e7\u00e3o sexual. Segundo ele, a disciplina \u00e9 usada muitas vezes para incentivar discuss\u00f5es de g\u00eanero. &#8220;E n\u00e3o \u00e9 normal. A op\u00e7\u00e3o que voc\u00ea tem, como adulto, de ser um homossexual eu respeito, mas n\u00e3o concordo&#8221;, afirmou ele, acrescentando ainda que tem &#8220;certas reservas&#8221; quanto \u00e0 presen\u00e7a de professores transg\u00eaneros nas salas de aula.<\/p>\n\n\n\n<p>Presidente da Comiss\u00e3o de Educa\u00e7\u00e3o da C\u00e2mara em 2019, o deputado Pedro Cunha Lima (PSDB-PB) disse que as declara\u00e7\u00f5es mostram &#8220;preconceito inconceb\u00edvel&#8221;. &#8220;Mentalidade atrasada e triste de se ver em uma posi\u00e7\u00e3o t\u00e3o relevante&#8221;, acrescentou. Ele tamb\u00e9m ressalta que o MEC deve atuar em coopera\u00e7\u00e3o com Estados e munic\u00edpios para encontrar solu\u00e7\u00f5es sobre a pandemia. &#8220;Um problema do Brasil na educa\u00e7\u00e3o, necessariamente, \u00e9 um problema do MEC tamb\u00e9m&#8221;, completou.<\/p>\n\n\n\n<p>Para o coordenador da comiss\u00e3o externa da C\u00e2mara que acompanha o MEC, Felipe Rigoni (PSB-ES), a pasta tem responsabilidade de orientar o retorno \u00e0s aulas e viabilizar o acesso \u00e0 internet para atividades remotas, ainda que caiba a gestores locais decidir calend\u00e1rio. &#8220;A fun\u00e7\u00e3o do MEC \u00e9 coordenar esfor\u00e7os. A educa\u00e7\u00e3o acontece no Estado e no munic\u00edpio, mas ele \u00e9 o grande maestro&#8221;, enfatizou.<\/p>\n\n\n\n<p>Rigoni avalia que o ministro, na entrevista, manteve o tom j\u00e1 observado no MEC de usar &#8220;alguma coisa ideol\u00f3gica, sem evid\u00eancia&#8221; como &#8220;cortina de fuma\u00e7a&#8221; para esconder falhas em execu\u00e7\u00f5es de pol\u00edticas p\u00fablicas. &#8220;\u00c9 irrelevante se o aluno ou professor \u00e9 homossexual. O MEC n\u00e3o tem de se meter nisso.&#8221;<\/p>\n\n\n\n<p>Presidente executiva do Todos Pela Educa\u00e7\u00e3o, Priscila Cruz afirma que Ribeiro erra &#8220;no campo jur\u00eddico e \u00e9tico&#8221; ao retirar do MEC responsabilidades sobre organizar o retorno das aulas presenciais. &#8220;N\u00e3o d\u00e1 para dizer que n\u00e3o \u00e9 problema dele. A coordena\u00e7\u00e3o nacional \u00e9 ainda mais importante num ano pand\u00eamico. Mesmo que n\u00e3o estivesse t\u00e3o claro na legisla\u00e7\u00e3o, onde est\u00e1 a preocupa\u00e7\u00e3o que a gente espera das lideran\u00e7as p\u00fablicas?&#8221;<\/p>\n\n\n\n<p>Cruz tamb\u00e9m aponta &#8220;desvio grave de fun\u00e7\u00e3o&#8221; quando o ministro usa o cargo para defender pontos de vista pessoais. Para ela, este tipo de manifesta\u00e7\u00e3o pode estimular a cultura da intoler\u00e2ncia. &#8220;Autoriza o aluno a questionar se quer ter professor transg\u00eanero ou n\u00e3o, como se n\u00e3o fosse algo leg\u00edtimo.&#8221;<\/p>\n\n\n\n<p>Vitor de Angelo, vice-presidente do Conselho Nacional de Secret\u00e1rios de Educa\u00e7\u00e3o (Consed) e chefe da pasta no Esp\u00edrito Santo, afirma que o MEC pode ampliar o protagonismo na crise, &#8220;assumindo papel importante no enfrentamento das desigualdades sociais&#8221;. Para ele, o ministro &#8220;desvia o foco&#8221; ao falar da orienta\u00e7\u00e3o sexual de alunos e professores.<\/p>\n\n\n\n<p>Para a senadora Mara Gabrilli (PSDB-SP) falta &#8220;responsabilidade&#8221; a Ribeiro, que carece de &#8220;gana&#8221; para lutar pelo or\u00e7amento da pasta e de &#8220;empatia&#8221; ao &#8220;propagar preconceito \u00e0 comunidade LGBTQIA+&#8221;.<\/p>\n\n\n\n<p>Dentro do governo, a avalia\u00e7\u00e3o \u00e9 de que Milton Ribeiro se sentiu pressionado pelas cobran\u00e7as nas redes ap\u00f3s encontro com deputados da oposi\u00e7\u00e3o, Tabata Amaral (PDT-SP) e Felipe Rigoni (PSB-ES), e tentou fazer um aceno \u00e0 base mais radical de apoio ao presidente Jair Bolsonaro. A base bolsonarista tamb\u00e9m se incomodou com visita do ministro \u00e0 Funda\u00e7\u00e3o Lemann, que incentiva projetos na educa\u00e7\u00e3o p\u00fablica.<\/p>\n\n\n\n<p>De acordo com um auxiliar do Planalto, o presidente avaliou que Ribeiro tem sido &#8220;ing\u00eanuo&#8221; e pediu para dar mais aten\u00e7\u00e3o \u00e0s quest\u00f5es pol\u00edticas.<\/p>\n","protected":false},"excerpt":{"rendered":"<p>Em entrevista ao Estad\u00e3o, Milton Ribeiro atribuiu a homossexualidade de jovens a &#8220;fam\u00edlias desajustadas Ag\u00eancia<\/p>\n","protected":false},"author":2,"featured_media":1197,"comment_status":"open","ping_status":"open","sticky":false,"template":"","format":"standard","meta":{"footnotes":""},"categories":[19],"tags":[],"class_list":["post-1196","post","type-post","status-publish","format-standard","has-post-thumbnail","hentry","category-educacao"],"_links":{"self":[{"href":"https:\/\/tvc16.com\/portal\/wp-json\/wp\/v2\/posts\/1196","targetHints":{"allow":["GET"]}}],"collection":[{"href":"https:\/\/tvc16.com\/portal\/wp-json\/wp\/v2\/posts"}],"about":[{"href":"https:\/\/tvc16.com\/portal\/wp-json\/wp\/v2\/types\/post"}],"author":[{"embeddable":true,"href":"https:\/\/tvc16.com\/portal\/wp-json\/wp\/v2\/users\/2"}],"replies":[{"embeddable":true,"href":"https:\/\/tvc16.com\/portal\/wp-json\/wp\/v2\/comments?post=1196"}],"version-history":[{"count":1,"href":"https:\/\/tvc16.com\/portal\/wp-json\/wp\/v2\/posts\/1196\/revisions"}],"predecessor-version":[{"id":1198,"href":"https:\/\/tvc16.com\/portal\/wp-json\/wp\/v2\/posts\/1196\/revisions\/1198"}],"wp:featuredmedia":[{"embeddable":true,"href":"https:\/\/tvc16.com\/portal\/wp-json\/wp\/v2\/media\/1197"}],"wp:attachment":[{"href":"https:\/\/tvc16.com\/portal\/wp-json\/wp\/v2\/media?parent=1196"}],"wp:term":[{"taxonomy":"category","embeddable":true,"href":"https:\/\/tvc16.com\/portal\/wp-json\/wp\/v2\/categories?post=1196"},{"taxonomy":"post_tag","embeddable":true,"href":"https:\/\/tvc16.com\/portal\/wp-json\/wp\/v2\/tags?post=1196"}],"curies":[{"name":"wp","href":"https:\/\/api.w.org\/{rel}","templated":true}]}}