{"id":11962,"date":"2021-03-29T19:27:08","date_gmt":"2021-03-29T22:27:08","guid":{"rendered":"https:\/\/tvc16.com\/portal\/?p=11962"},"modified":"2021-03-29T19:27:11","modified_gmt":"2021-03-29T22:27:11","slug":"fernando-azevedo-e-silva-anuncia-que-vai-deixar-o-ministerio-da-defesa","status":"publish","type":"post","link":"https:\/\/tvc16.com\/portal\/2021\/03\/29\/fernando-azevedo-e-silva-anuncia-que-vai-deixar-o-ministerio-da-defesa\/","title":{"rendered":"Fernando Azevedo e Silva anuncia que vai deixar o Minist\u00e9rio da Defesa"},"content":{"rendered":"\n<h3 class=\"wp-block-heading\">Em texto ele agradece ao presidente a oportunidade de &#8220;servir ao pa\u00eds&#8221;<\/h3>\n\n\n\n<h4 class=\"wp-block-heading\">Por Alex Rodrigues &#8211; Rep\u00f3rter da Ag\u00eancia Brasil &#8211; Bras\u00edlia<\/h4>\n\n\n\n<p>Fernando Azevedo e Silva&nbsp;anunciou hoje (29) que vai deixar&nbsp;o cargo de ministro da Defesa. A informa\u00e7\u00e3o foi confirmada h\u00e1 pouco pela assessoria da pasta, que divulgou \u00e0 imprensa c\u00f3pia da mensagem de Silva.<img decoding=\"async\" src=\"https:\/\/agenciabrasil.ebc.com.br\/ebc.png?id=1405351&amp;o=node\"><img decoding=\"async\" src=\"https:\/\/agenciabrasil.ebc.com.br\/ebc.gif?id=1405351&amp;o=node\"><\/p>\n\n\n\n<p>No texto, o ministro agradece ao presidente Jair Bolsonaro a oportunidade de \u201cservir ao pa\u00eds\u201d, integrando o governo por mais de dois anos. \u201cNesse per\u00edodo, preservei as For\u00e7as Armadas como institui\u00e7\u00f5es de Estado\u201d, afirma Silva antes de afirmar que deixa o posto com a certeza de ter cumprido sua \u201cmiss\u00e3o\u201d.<\/p>\n\n\n\n<p>Silva tamb\u00e9m afirma ter dedicado total lealdade ao presidente, e agradece aos comandantes das For\u00e7as Armadas (Aeron\u00e1utica, Ex\u00e9rcito e Marinha), bem como \u00e0s respectivas tropas, \u201cque nunca mediram esfor\u00e7os para atender \u00e0s necessidades e emerg\u00eancias da popula\u00e7\u00e3o brasileira\u201d.<\/p>\n\n\n\n<p>Ex-chefe do Estado-Maior do Ex\u00e9rcito e comandante da Brigada Paraquedista antes de ir para a reserva, Azevedo estava \u00e0 frente do Minist\u00e9rio da Defesa desde o&nbsp;<a href=\"https:\/\/agenciabrasil.ebc.com.br\/politica\/noticia\/2019-01\/general-fernando-azevedo-assume-ministerio-da-defesa\" target=\"_blank\" rel=\"noreferrer noopener\">in\u00edcio do governo<\/a>&nbsp;Bolsonaro, em janeiro de 2019. Ele foi&nbsp;<a href=\"https:\/\/agenciabrasil.ebc.com.br\/politica\/noticia\/2018-11\/bolsonaro-anuncia-o-general-fernando-azevedo-e-silva-para-defesa\" target=\"_blank\" rel=\"noreferrer noopener\">indicado&nbsp;para o cargo<\/a>&nbsp;em novembro de 2018, depois que o presidente optou por nomear o tamb\u00e9m general Augusto Heleno \u2013 que estava cotado para assumir o minist\u00e9rio &#8211; para o comando do Gabinete de Seguran\u00e7a Institucional (GSI).<\/p>\n\n\n\n<p>Edi\u00e7\u00e3o: Aline Leal<\/p>\n","protected":false},"excerpt":{"rendered":"<p>Em texto ele agradece ao presidente a oportunidade de &#8220;servir ao pa\u00eds&#8221; Por Alex Rodrigues<\/p>\n","protected":false},"author":2,"featured_media":11963,"comment_status":"open","ping_status":"open","sticky":false,"template":"","format":"standard","meta":{"footnotes":""},"categories":[17],"tags":[],"class_list":["post-11962","post","type-post","status-publish","format-standard","has-post-thumbnail","hentry","category-outras-noticias"],"_links":{"self":[{"href":"https:\/\/tvc16.com\/portal\/wp-json\/wp\/v2\/posts\/11962","targetHints":{"allow":["GET"]}}],"collection":[{"href":"https:\/\/tvc16.com\/portal\/wp-json\/wp\/v2\/posts"}],"about":[{"href":"https:\/\/tvc16.com\/portal\/wp-json\/wp\/v2\/types\/post"}],"author":[{"embeddable":true,"href":"https:\/\/tvc16.com\/portal\/wp-json\/wp\/v2\/users\/2"}],"replies":[{"embeddable":true,"href":"https:\/\/tvc16.com\/portal\/wp-json\/wp\/v2\/comments?post=11962"}],"version-history":[{"count":1,"href":"https:\/\/tvc16.com\/portal\/wp-json\/wp\/v2\/posts\/11962\/revisions"}],"predecessor-version":[{"id":11964,"href":"https:\/\/tvc16.com\/portal\/wp-json\/wp\/v2\/posts\/11962\/revisions\/11964"}],"wp:featuredmedia":[{"embeddable":true,"href":"https:\/\/tvc16.com\/portal\/wp-json\/wp\/v2\/media\/11963"}],"wp:attachment":[{"href":"https:\/\/tvc16.com\/portal\/wp-json\/wp\/v2\/media?parent=11962"}],"wp:term":[{"taxonomy":"category","embeddable":true,"href":"https:\/\/tvc16.com\/portal\/wp-json\/wp\/v2\/categories?post=11962"},{"taxonomy":"post_tag","embeddable":true,"href":"https:\/\/tvc16.com\/portal\/wp-json\/wp\/v2\/tags?post=11962"}],"curies":[{"name":"wp","href":"https:\/\/api.w.org\/{rel}","templated":true}]}}