{"id":11965,"date":"2021-03-29T19:28:26","date_gmt":"2021-03-29T22:28:26","guid":{"rendered":"https:\/\/tvc16.com\/portal\/?p=11965"},"modified":"2021-03-29T19:28:28","modified_gmt":"2021-03-29T22:28:28","slug":"advogado-geral-da-uniao-pede-exoneracao-do-cargo","status":"publish","type":"post","link":"https:\/\/tvc16.com\/portal\/2021\/03\/29\/advogado-geral-da-uniao-pede-exoneracao-do-cargo\/","title":{"rendered":"Advogado-geral da Uni\u00e3o pede exonera\u00e7\u00e3o do cargo"},"content":{"rendered":"\n<h3 class=\"wp-block-heading\">Jos\u00e9 Levi estava no cargo desde abril de 2020<\/h3>\n\n\n\n<h4 class=\"wp-block-heading\">Por Andr\u00e9 Richter &#8211; Rep\u00f3rter da Ag\u00eancia Brasil* &#8211; Bras\u00edlia<\/h4>\n\n\n\n<p>O advogado-geral da Uni\u00e3o, Jos\u00e9 Levi Mello do Amaral J\u00fanior, informou hoje (29) que vai deixar o cargo. Levi estava no posto&nbsp;<a href=\"https:\/\/agenciabrasil.ebc.com.br\/politica\/noticia\/2020-04\/jose-levi-e-o-novo-advogado-geral-da-uniao\" target=\"_blank\" rel=\"noreferrer noopener\">desde abril<\/a>&nbsp;do ano passado.&nbsp;<img decoding=\"async\" src=\"https:\/\/agenciabrasil.ebc.com.br\/ebc.png?id=1405359&amp;o=node\"><img decoding=\"async\" src=\"https:\/\/agenciabrasil.ebc.com.br\/ebc.gif?id=1405359&amp;o=node\"><\/p>\n\n\n\n<p>A decis\u00e3o foi oficializada em carta enviada ao presidente Jair Bolsonaro. \u201cCom o meu mais elevado agradecimento pela oportunidade de chefiar a Advocacia-Geral da Uni\u00e3o (AGU), submeto \u00e0 elevada considera\u00e7\u00e3o de Vossa Excel\u00eancia o meu pedido de exonera\u00e7\u00e3o\u201d.&nbsp;<\/p>\n\n\n\n<p>Antes de chegar \u00e0 AGU, Levi ocupava o posto de procurador-geral da Fazenda Nacional. Levi \u00e9 graduado pela Universidade Federal do Rio Grande do Sul e tem doutorado em Direito do Estado pela Universidade de S\u00e3o Paulo, institui\u00e7\u00e3o onde tamb\u00e9m \u00e9 professor, com t\u00edtulo de livre-doc\u00eancia em direito constitucional. Tem p\u00f3s-doutorado em Direitos Humanos pela Universidade de Coimbra, de Portugal. J\u00e1 ocupou o cargo de secret\u00e1rio executivo do Minist\u00e9rio da Justi\u00e7a e de consultor-geral da Uni\u00e3o na AGU.<\/p>\n\n\n\n<p>Edi\u00e7\u00e3o: Aline Leal<\/p>\n","protected":false},"excerpt":{"rendered":"<p>Jos\u00e9 Levi estava no cargo desde abril de 2020 Por Andr\u00e9 Richter &#8211; Rep\u00f3rter da<\/p>\n","protected":false},"author":2,"featured_media":11966,"comment_status":"open","ping_status":"open","sticky":false,"template":"","format":"standard","meta":{"footnotes":""},"categories":[17],"tags":[],"class_list":["post-11965","post","type-post","status-publish","format-standard","has-post-thumbnail","hentry","category-outras-noticias"],"_links":{"self":[{"href":"https:\/\/tvc16.com\/portal\/wp-json\/wp\/v2\/posts\/11965","targetHints":{"allow":["GET"]}}],"collection":[{"href":"https:\/\/tvc16.com\/portal\/wp-json\/wp\/v2\/posts"}],"about":[{"href":"https:\/\/tvc16.com\/portal\/wp-json\/wp\/v2\/types\/post"}],"author":[{"embeddable":true,"href":"https:\/\/tvc16.com\/portal\/wp-json\/wp\/v2\/users\/2"}],"replies":[{"embeddable":true,"href":"https:\/\/tvc16.com\/portal\/wp-json\/wp\/v2\/comments?post=11965"}],"version-history":[{"count":1,"href":"https:\/\/tvc16.com\/portal\/wp-json\/wp\/v2\/posts\/11965\/revisions"}],"predecessor-version":[{"id":11967,"href":"https:\/\/tvc16.com\/portal\/wp-json\/wp\/v2\/posts\/11965\/revisions\/11967"}],"wp:featuredmedia":[{"embeddable":true,"href":"https:\/\/tvc16.com\/portal\/wp-json\/wp\/v2\/media\/11966"}],"wp:attachment":[{"href":"https:\/\/tvc16.com\/portal\/wp-json\/wp\/v2\/media?parent=11965"}],"wp:term":[{"taxonomy":"category","embeddable":true,"href":"https:\/\/tvc16.com\/portal\/wp-json\/wp\/v2\/categories?post=11965"},{"taxonomy":"post_tag","embeddable":true,"href":"https:\/\/tvc16.com\/portal\/wp-json\/wp\/v2\/tags?post=11965"}],"curies":[{"name":"wp","href":"https:\/\/api.w.org\/{rel}","templated":true}]}}