{"id":11968,"date":"2021-03-29T19:29:09","date_gmt":"2021-03-29T22:29:09","guid":{"rendered":"https:\/\/tvc16.com\/portal\/?p=11968"},"modified":"2021-03-29T19:29:11","modified_gmt":"2021-03-29T22:29:11","slug":"ministerio-pretende-prorrogar-contratos-de-29-mil-medicos","status":"publish","type":"post","link":"https:\/\/tvc16.com\/portal\/2021\/03\/29\/ministerio-pretende-prorrogar-contratos-de-29-mil-medicos\/","title":{"rendered":"Minist\u00e9rio pretende prorrogar contratos de 2,9 mil m\u00e9dicos"},"content":{"rendered":"\n<h3 class=\"wp-block-heading\">Profissionais atuam no programa Mais M\u00e9dicos<\/h3>\n\n\n\n<h4 class=\"wp-block-heading\">Por Jonas Valente \u2013 Rep\u00f3rter Ag\u00eancia Brasil &#8211; Bras\u00edlia<\/h4>\n\n\n\n<p>O Minist\u00e9rio da Sa\u00fade informou que ir\u00e1 custear a atua\u00e7\u00e3o de 2,9 mil m\u00e9dicos tempor\u00e1rios por mais um ano. Os profissionais atuam no programa Mais M\u00e9dicos e teriam o contrato encerrado em abril.<img decoding=\"async\" src=\"https:\/\/agenciabrasil.ebc.com.br\/ebc.png?id=1405357&amp;o=node\"><img decoding=\"async\" src=\"https:\/\/agenciabrasil.ebc.com.br\/ebc.gif?id=1405357&amp;o=node\"><\/p>\n\n\n\n<p>Os trabalhadores que n\u00e3o desejarem continuar atuando no programa devem se manifestar entre 5 e&nbsp;8 de abril. Para manter a remunera\u00e7\u00e3o, o trabalhador n\u00e3o pode&nbsp;ter&nbsp;carga hor\u00e1ria incompat\u00edvel com o exigido no Mais M\u00e9dicos.<\/p>\n\n\n\n<p>Em rela\u00e7\u00e3o \u00e0 forma\u00e7\u00e3o, o m\u00e9dico precisa&nbsp;ter&nbsp;cumprido as tarefas do primeiro ano de programa e realizar a\u00e7\u00f5es de ensino, pesquisa e extens\u00e3o em \u00e1reas priorit\u00e1rias para o Sistema \u00danico de Sa\u00fade (SUS).<\/p>\n\n\n\n<p>Edi\u00e7\u00e3o: L\u00edlian Beraldo<\/p>\n","protected":false},"excerpt":{"rendered":"<p>Profissionais atuam no programa Mais M\u00e9dicos Por Jonas Valente \u2013 Rep\u00f3rter Ag\u00eancia Brasil &#8211; Bras\u00edlia<\/p>\n","protected":false},"author":2,"featured_media":11969,"comment_status":"open","ping_status":"open","sticky":false,"template":"","format":"standard","meta":{"footnotes":""},"categories":[17],"tags":[],"class_list":["post-11968","post","type-post","status-publish","format-standard","has-post-thumbnail","hentry","category-outras-noticias"],"_links":{"self":[{"href":"https:\/\/tvc16.com\/portal\/wp-json\/wp\/v2\/posts\/11968","targetHints":{"allow":["GET"]}}],"collection":[{"href":"https:\/\/tvc16.com\/portal\/wp-json\/wp\/v2\/posts"}],"about":[{"href":"https:\/\/tvc16.com\/portal\/wp-json\/wp\/v2\/types\/post"}],"author":[{"embeddable":true,"href":"https:\/\/tvc16.com\/portal\/wp-json\/wp\/v2\/users\/2"}],"replies":[{"embeddable":true,"href":"https:\/\/tvc16.com\/portal\/wp-json\/wp\/v2\/comments?post=11968"}],"version-history":[{"count":1,"href":"https:\/\/tvc16.com\/portal\/wp-json\/wp\/v2\/posts\/11968\/revisions"}],"predecessor-version":[{"id":11970,"href":"https:\/\/tvc16.com\/portal\/wp-json\/wp\/v2\/posts\/11968\/revisions\/11970"}],"wp:featuredmedia":[{"embeddable":true,"href":"https:\/\/tvc16.com\/portal\/wp-json\/wp\/v2\/media\/11969"}],"wp:attachment":[{"href":"https:\/\/tvc16.com\/portal\/wp-json\/wp\/v2\/media?parent=11968"}],"wp:term":[{"taxonomy":"category","embeddable":true,"href":"https:\/\/tvc16.com\/portal\/wp-json\/wp\/v2\/categories?post=11968"},{"taxonomy":"post_tag","embeddable":true,"href":"https:\/\/tvc16.com\/portal\/wp-json\/wp\/v2\/tags?post=11968"}],"curies":[{"name":"wp","href":"https:\/\/api.w.org\/{rel}","templated":true}]}}