{"id":11971,"date":"2021-03-29T19:29:54","date_gmt":"2021-03-29T22:29:54","guid":{"rendered":"https:\/\/tvc16.com\/portal\/?p=11971"},"modified":"2021-03-29T19:29:56","modified_gmt":"2021-03-29T22:29:56","slug":"covid-19-ministerio-da-saude-autoriza-mais-24-mil-leitos-de-uti","status":"publish","type":"post","link":"https:\/\/tvc16.com\/portal\/2021\/03\/29\/covid-19-ministerio-da-saude-autoriza-mais-24-mil-leitos-de-uti\/","title":{"rendered":"Covid-19: Minist\u00e9rio da Sa\u00fade autoriza mais 2,4 mil leitos de UTI"},"content":{"rendered":"\n<h3 class=\"wp-block-heading\">As estruturas ser\u00e3o instaladas em 23 estados e no distrito Federal<\/h3>\n\n\n\n<h4 class=\"wp-block-heading\">Por Ag\u00eancia Brasil &#8211; Bras\u00edlia<\/h4>\n\n\n\n<p>O Minist\u00e9rio da Sa\u00fade autorizou a implanta\u00e7\u00e3o de mais 2.431 mil leitos para atendimento de pacientes com covid-19 em Unidades de Terapia Intensiva (UTIs). As estruturas ser\u00e3o instaladas em 23 estados e no Distrito Federal.<img decoding=\"async\" src=\"https:\/\/agenciabrasil.ebc.com.br\/ebc.png?id=1405365&amp;o=node\"><img decoding=\"async\" src=\"https:\/\/agenciabrasil.ebc.com.br\/ebc.gif?id=1405365&amp;o=node\"><\/p>\n\n\n\n<p>Tamb\u00e9m foram autorizados mais 50 leitos pedi\u00e1tricos em UTIs. A autoriza\u00e7\u00e3o consiste na participa\u00e7\u00e3o do governo com recursos no custeio dessas estruturas. O Minist\u00e9rio repassa mensalmente as verbas, em car\u00e1ter tempor\u00e1rio.<\/p>\n\n\n\n<p>De acordo com a pasta, para estes 2.431 leitos ser\u00e3o encaminhados aos estados R$ 113,6 milh\u00f5es por m\u00eas.<\/p>\n\n\n\n<p>Edi\u00e7\u00e3o: Aline Leal<\/p>\n","protected":false},"excerpt":{"rendered":"<p>As estruturas ser\u00e3o instaladas em 23 estados e no distrito Federal Por Ag\u00eancia Brasil &#8211;<\/p>\n","protected":false},"author":2,"featured_media":11972,"comment_status":"open","ping_status":"open","sticky":false,"template":"","format":"standard","meta":{"footnotes":""},"categories":[17],"tags":[],"class_list":["post-11971","post","type-post","status-publish","format-standard","has-post-thumbnail","hentry","category-outras-noticias"],"_links":{"self":[{"href":"https:\/\/tvc16.com\/portal\/wp-json\/wp\/v2\/posts\/11971","targetHints":{"allow":["GET"]}}],"collection":[{"href":"https:\/\/tvc16.com\/portal\/wp-json\/wp\/v2\/posts"}],"about":[{"href":"https:\/\/tvc16.com\/portal\/wp-json\/wp\/v2\/types\/post"}],"author":[{"embeddable":true,"href":"https:\/\/tvc16.com\/portal\/wp-json\/wp\/v2\/users\/2"}],"replies":[{"embeddable":true,"href":"https:\/\/tvc16.com\/portal\/wp-json\/wp\/v2\/comments?post=11971"}],"version-history":[{"count":1,"href":"https:\/\/tvc16.com\/portal\/wp-json\/wp\/v2\/posts\/11971\/revisions"}],"predecessor-version":[{"id":11973,"href":"https:\/\/tvc16.com\/portal\/wp-json\/wp\/v2\/posts\/11971\/revisions\/11973"}],"wp:featuredmedia":[{"embeddable":true,"href":"https:\/\/tvc16.com\/portal\/wp-json\/wp\/v2\/media\/11972"}],"wp:attachment":[{"href":"https:\/\/tvc16.com\/portal\/wp-json\/wp\/v2\/media?parent=11971"}],"wp:term":[{"taxonomy":"category","embeddable":true,"href":"https:\/\/tvc16.com\/portal\/wp-json\/wp\/v2\/categories?post=11971"},{"taxonomy":"post_tag","embeddable":true,"href":"https:\/\/tvc16.com\/portal\/wp-json\/wp\/v2\/tags?post=11971"}],"curies":[{"name":"wp","href":"https:\/\/api.w.org\/{rel}","templated":true}]}}