{"id":11974,"date":"2021-03-29T19:30:36","date_gmt":"2021-03-29T22:30:36","guid":{"rendered":"https:\/\/tvc16.com\/portal\/?p=11974"},"modified":"2021-03-29T19:30:39","modified_gmt":"2021-03-29T22:30:39","slug":"covid-19-pfizer-deve-entregar-135-milhoes-de-vacinas-ate-junho","status":"publish","type":"post","link":"https:\/\/tvc16.com\/portal\/2021\/03\/29\/covid-19-pfizer-deve-entregar-135-milhoes-de-vacinas-ate-junho\/","title":{"rendered":"Covid-19: Pfizer deve entregar 13,5 milh\u00f5es de vacinas at\u00e9 junho"},"content":{"rendered":"\n<h3 class=\"wp-block-heading\">Governo comprou 100 milh\u00f5es de doses da fabricante para 2021<\/h3>\n\n\n\n<h4 class=\"wp-block-heading\">Por Jonas Valente \u2013 Rep\u00f3rter Ag\u00eancia Brasil &#8211; Bras\u00edlia<\/h4>\n\n\n\n<p>A farmac\u00eautica Pfizer deve entregar at\u00e9 13,5 milh\u00f5es de doses da vacina contra o novo coronav\u00edrus at\u00e9 junho. A expectativa \u00e9 que os primeiros lotes cheguem entre abril e maio. A previs\u00e3o foi apresentada em reuni\u00e3o hoje (29) entre o ministro da Sa\u00fade, Marcelo Queiroga, e a presidente da empresa no Brasil, Marta D\u00edez.<img decoding=\"async\" src=\"https:\/\/agenciabrasil.ebc.com.br\/ebc.png?id=1405354&amp;o=node\"><img decoding=\"async\" src=\"https:\/\/agenciabrasil.ebc.com.br\/ebc.gif?id=1405354&amp;o=node\"><\/p>\n\n\n\n<p>No total, o governo comprou 100 milh\u00f5es de doses, com promessa de entrega por parte da farmac\u00eautica em 2021. No terceiro trimestre, entre julho e setembro, a previs\u00e3o \u00e9 que sejam disponibilizados mais 86,5 milh\u00f5es de doses.<\/p>\n\n\n\n<p>No encontro, o ministro da Sa\u00fade e a presidente da Pfizer no Brasil discutiram o cronograma de entregas e as demandas de infraestrutura e de log\u00edstica de distribui\u00e7\u00e3o das vacinas pelo Plano Nacional de Imuniza\u00e7\u00e3o.<\/p>\n\n\n\n<h2 class=\"wp-block-heading\">Respiradores<\/h2>\n\n\n\n<p>O Minist\u00e9rio da Sa\u00fade tamb\u00e9m anunciou hoje que foram distribu\u00eddos mil cilindros de oxig\u00eanio para apoiar o atendimento de pacientes com covid-19. No s\u00e1bado, foram encaminhadas 340 unidades para Mato Grosso e no domingo foram enviados 160 cilindros para o Rio Grande do Norte.<\/p>\n\n\n\n<p>Os equipamentos foram obtidos por requisi\u00e7\u00e3o administrativa feita pelo Minist\u00e9rio da Sa\u00fade a fabricantes. Neste mecanismo, o governo solicita a compra dos excedentes da ind\u00fastria produtora daquele bem. O recurso tamb\u00e9m foi usado para outros insumos durante a pandemia.<\/p>\n\n\n\n<p>Edi\u00e7\u00e3o: Aline Leal<\/p>\n","protected":false},"excerpt":{"rendered":"<p>Governo comprou 100 milh\u00f5es de doses da fabricante para 2021 Por Jonas Valente \u2013 Rep\u00f3rter<\/p>\n","protected":false},"author":2,"featured_media":11975,"comment_status":"open","ping_status":"open","sticky":false,"template":"","format":"standard","meta":{"footnotes":""},"categories":[17],"tags":[],"class_list":["post-11974","post","type-post","status-publish","format-standard","has-post-thumbnail","hentry","category-outras-noticias"],"_links":{"self":[{"href":"https:\/\/tvc16.com\/portal\/wp-json\/wp\/v2\/posts\/11974","targetHints":{"allow":["GET"]}}],"collection":[{"href":"https:\/\/tvc16.com\/portal\/wp-json\/wp\/v2\/posts"}],"about":[{"href":"https:\/\/tvc16.com\/portal\/wp-json\/wp\/v2\/types\/post"}],"author":[{"embeddable":true,"href":"https:\/\/tvc16.com\/portal\/wp-json\/wp\/v2\/users\/2"}],"replies":[{"embeddable":true,"href":"https:\/\/tvc16.com\/portal\/wp-json\/wp\/v2\/comments?post=11974"}],"version-history":[{"count":1,"href":"https:\/\/tvc16.com\/portal\/wp-json\/wp\/v2\/posts\/11974\/revisions"}],"predecessor-version":[{"id":11976,"href":"https:\/\/tvc16.com\/portal\/wp-json\/wp\/v2\/posts\/11974\/revisions\/11976"}],"wp:featuredmedia":[{"embeddable":true,"href":"https:\/\/tvc16.com\/portal\/wp-json\/wp\/v2\/media\/11975"}],"wp:attachment":[{"href":"https:\/\/tvc16.com\/portal\/wp-json\/wp\/v2\/media?parent=11974"}],"wp:term":[{"taxonomy":"category","embeddable":true,"href":"https:\/\/tvc16.com\/portal\/wp-json\/wp\/v2\/categories?post=11974"},{"taxonomy":"post_tag","embeddable":true,"href":"https:\/\/tvc16.com\/portal\/wp-json\/wp\/v2\/tags?post=11974"}],"curies":[{"name":"wp","href":"https:\/\/api.w.org\/{rel}","templated":true}]}}