{"id":11980,"date":"2021-03-29T19:32:43","date_gmt":"2021-03-29T22:32:43","guid":{"rendered":"https:\/\/tvc16.com\/portal\/?p=11980"},"modified":"2021-03-29T19:32:45","modified_gmt":"2021-03-29T22:32:45","slug":"covid-19-estado-do-rio-bate-novo-recorde-por-fila-de-leitos","status":"publish","type":"post","link":"https:\/\/tvc16.com\/portal\/2021\/03\/29\/covid-19-estado-do-rio-bate-novo-recorde-por-fila-de-leitos\/","title":{"rendered":"Covid-19: estado do Rio bate novo recorde por fila de leitos"},"content":{"rendered":"\n<h3 class=\"wp-block-heading\">H\u00e1 710 pessoas aguardando uma vaga, diz secretaria de sa\u00fade <\/h3>\n\n\n\n<h3 class=\"wp-block-heading\">Por Cristina Indio do Brasil &#8211; Rep\u00f3rter da Ag\u00eancia Brasil &#8211; Rio de Janeiro<\/h3>\n\n\n\n<p>Pelo sexto dia consecutivo o estado do Rio de Janeiro registrou recorde na fila de espera por leitos de covid-19. O \u00faltimo dado da Secretaria estadual de Sa\u00fade indicou que h\u00e1 710 pessoas aguardando uma vaga. Na v\u00e9spera eram 678 pacientes e h\u00e1 dez dias, em 18 de mar\u00e7o, 278. O pico&nbsp;foi registrado no dia 9 de maio do ano passado, quando 510 pessoas estavam na fila.<img decoding=\"async\" src=\"https:\/\/agenciabrasil.ebc.com.br\/ebc.png?id=1405346&amp;o=node\"><img decoding=\"async\" src=\"https:\/\/agenciabrasil.ebc.com.br\/ebc.gif?id=1405346&amp;o=node\"><\/p>\n\n\n\n<p>Para os leitos de enfermaria, 279 pacientes aguardam uma vaga, enquanto ontem eram 255. H\u00e1 dez dias 113 pessoas estavam nesta condi\u00e7\u00e3o. A maior quantidade de pessoas na fila por um leito de enfermaria da doen\u00e7a atingiu 819, no dia 7 de maio do ano passado.<\/p>\n\n\n\n<p>No estado, 11 munic\u00edpios (Belford Roxo, Bom Jesus do Itabapoana, Itagua\u00ed, Itaperuna, Miguel Pereira, Nova Friburgo, Para\u00edba do Sul, Rio Bonito, Sapucaia, Teres\u00f3polis e Tr\u00eas Rios) est\u00e3o com 100% de ocupa\u00e7\u00e3o dos leitos de UTI. Outros cinco (Iguaba Grande, Miracema, Quissam\u00e3, Rio das Ostras e Saquarema) est\u00e3o com mais de 100% de leitos ocupados. Na capital o \u00edndice&nbsp; atinge&nbsp; 95%.<\/p>\n\n\n\n<h2 class=\"wp-block-heading\">Vacina\u00e7\u00e3o<\/h2>\n\n\n\n<p>O governador em exerc\u00edcio do Rio de Janeiro, Cl\u00e1udio Castro, anunciou hoje (29) um calend\u00e1rio unificado de vacina\u00e7\u00e3o para todos os munic\u00edpios do estado. Na capital, a Secretaria Municipal de Sa\u00fade refor\u00e7ou o atendimento nos postos de imuniza\u00e7\u00e3o e partir de hoje, os locais de&nbsp;<em>drive-thru<\/em>&nbsp;no Samb\u00f3dromo, na regi\u00e3o central do Rio e no Engenh\u00e3o, no Engenho de Dentro, zona norte, que j\u00e1 vinham funcionando aos s\u00e1bados, passar\u00e3o a receber a popula\u00e7\u00e3o tamb\u00e9m de segunda a sexta-feira, das 9h \u00e0s 15h, como j\u00e1 acontece no Parque Ol\u00edmpico, na Barra, zona oeste.<\/p>\n\n\n\n<figure class=\"wp-block-image\"><img decoding=\"async\" src=\"https:\/\/imagens.ebc.com.br\/NTL7QzG8sr8ICYEW4nJgbVtesbc=\/754x0\/smart\/https:\/\/agenciabrasil.ebc.com.br\/sites\/default\/files\/thumbnails\/image\/calendario.jpeg?itok=f5fsym0v\" alt=\"Calend\u00e1rio de vacina\u00e7\u00e3o da cidade do Rio de Janeiro.\" title=\"Divulga\u00e7\u00e3o\/Prefeitura do Rio de Janeiro\"\/><\/figure>\n\n\n\n<h6 class=\"wp-block-heading\">Calend\u00e1rio de vacina\u00e7\u00e3o da cidade do Rio de Janeiro. &#8211;&nbsp;<strong>Divulga\u00e7\u00e3o\/Prefeitura do Rio de Janeiro<\/strong><\/h6>\n\n\n\n<p>Al\u00e9m desses postos, o&nbsp;<em>drive-thru<\/em>&nbsp;da Universidade do Estado do Rio de Janeiro, no Maracan\u00e3, zona norte, funciona nesta semana at\u00e9 a quinta-feira (1\u00ba) aplicando a segunda dose para quem tomou a primeira no local.<\/p>\n\n\n\n<p>Hoje tamb\u00e9m a Secretaria Municipal de Sa\u00fade (SMS) inaugurou um novo posto de vacina\u00e7\u00e3o no Hotel Fairmont Copacabana, na zona sul. Nesta segunda est\u00e3o sendo vacinadas pessoas com 71 anos, mulheres entre 8h e 13h e os homens das 13h \u00e0s 17h. O novo ponto de vacina\u00e7\u00e3o funcionar\u00e1 de segunda a sexta-feira, das 8h \u00e0s 17h. \u201cAtualmente, a Secretaria Municipal de Sa\u00fade tem 250 pontos de vacina\u00e7\u00e3o na cidade e nessa semana est\u00e1 ganhando tr\u00eas novos pontos. A parceria com o Hotel Fairmont, ontem no J\u00f3quei Clube e amanh\u00e3 no Pal\u00e1cio da Justi\u00e7a em uma parceria com o Tribunal de Justi\u00e7a do Estado do Rio de Janeiro\u201d, informou.<\/p>\n\n\n\n<p>O secret\u00e1rio municipal de Sa\u00fade, Daniel Soranz, disse que a vacina\u00e7\u00e3o atingiu 10% da popula\u00e7\u00e3o carioca e que nessa semana conforme o calend\u00e1rio todas as pessoas com mais de 70 anos na cidade do Rio de Janeiro v\u00e3o receber o imunizante. \u201cA meta no in\u00edcio deste m\u00eas de abril \u00e9 que a gente consiga vacinar todas as pessoas com mais de 60 anos\u201d, explicou.<\/p>\n\n\n\n<p>Quem se dirigir aos postos para receber a vacina deve levar documento de identidade, n\u00famero do CPF e, se poss\u00edvel, a caderneta de vacina\u00e7\u00e3o. Para a segunda dose, levar tamb\u00e9m o comprovante de vacina\u00e7\u00e3o da primeira dose.<\/p>\n\n\n\n<p>Conforme os dados atualizados pela SMS hoje at\u00e9 as 13h45, na cidade do Rio, 641.269 pessoas receberam a primeira dose, o que corresponde a 9,5% da popula\u00e7\u00e3o do munic\u00edpio. J\u00e1 na segunda dose foram imunizadas 216.066. O total atingiu 857.335 pessoas imunizadas entre primeira e segunda dose.<\/p>\n\n\n\n<p>Segundo as \u00faltimas informa\u00e7\u00f5es atualizadas ontem, o munic\u00edpio do Rio tem 223.716 casos confirmados de covid-19, o dado anterior era de 222.709. Do total, 20.109 pessoas perderam a vida, sendo que o n\u00famero anterior era de 20.092. Os casos de S\u00edndrome Respirat\u00f3ria Aguda Grave chegaram a 46.346, na v\u00e9spera eram 46.296.<\/p>\n\n\n\n<p><em>Mat\u00e9ria alterada \u00e0s 18h38 para acr\u00e9scimo de calend\u00e1rio anunciado.<\/em><\/p>\n\n\n\n<p>Edi\u00e7\u00e3o: Val\u00e9ria Aguiar<\/p>\n","protected":false},"excerpt":{"rendered":"<p>H\u00e1 710 pessoas aguardando uma vaga, diz secretaria de sa\u00fade Por Cristina Indio do Brasil<\/p>\n","protected":false},"author":2,"featured_media":11981,"comment_status":"open","ping_status":"open","sticky":false,"template":"","format":"standard","meta":{"footnotes":""},"categories":[17],"tags":[],"class_list":["post-11980","post","type-post","status-publish","format-standard","has-post-thumbnail","hentry","category-outras-noticias"],"_links":{"self":[{"href":"https:\/\/tvc16.com\/portal\/wp-json\/wp\/v2\/posts\/11980","targetHints":{"allow":["GET"]}}],"collection":[{"href":"https:\/\/tvc16.com\/portal\/wp-json\/wp\/v2\/posts"}],"about":[{"href":"https:\/\/tvc16.com\/portal\/wp-json\/wp\/v2\/types\/post"}],"author":[{"embeddable":true,"href":"https:\/\/tvc16.com\/portal\/wp-json\/wp\/v2\/users\/2"}],"replies":[{"embeddable":true,"href":"https:\/\/tvc16.com\/portal\/wp-json\/wp\/v2\/comments?post=11980"}],"version-history":[{"count":1,"href":"https:\/\/tvc16.com\/portal\/wp-json\/wp\/v2\/posts\/11980\/revisions"}],"predecessor-version":[{"id":11982,"href":"https:\/\/tvc16.com\/portal\/wp-json\/wp\/v2\/posts\/11980\/revisions\/11982"}],"wp:featuredmedia":[{"embeddable":true,"href":"https:\/\/tvc16.com\/portal\/wp-json\/wp\/v2\/media\/11981"}],"wp:attachment":[{"href":"https:\/\/tvc16.com\/portal\/wp-json\/wp\/v2\/media?parent=11980"}],"wp:term":[{"taxonomy":"category","embeddable":true,"href":"https:\/\/tvc16.com\/portal\/wp-json\/wp\/v2\/categories?post=11980"},{"taxonomy":"post_tag","embeddable":true,"href":"https:\/\/tvc16.com\/portal\/wp-json\/wp\/v2\/tags?post=11980"}],"curies":[{"name":"wp","href":"https:\/\/api.w.org\/{rel}","templated":true}]}}