{"id":11983,"date":"2021-03-29T19:33:35","date_gmt":"2021-03-29T22:33:35","guid":{"rendered":"https:\/\/tvc16.com\/portal\/?p=11983"},"modified":"2021-03-29T19:33:37","modified_gmt":"2021-03-29T22:33:37","slug":"dpu-pede-ao-supremo-que-centralize-demandas-por-oxigenio","status":"publish","type":"post","link":"https:\/\/tvc16.com\/portal\/2021\/03\/29\/dpu-pede-ao-supremo-que-centralize-demandas-por-oxigenio\/","title":{"rendered":"DPU pede ao Supremo que centralize demandas por oxig\u00eanio"},"content":{"rendered":"\n<h3 class=\"wp-block-heading\">Ao menos 78 munic\u00edpios se encontram na imin\u00eancia de ficar sem oxig\u00eanio<\/h3>\n\n\n\n<h4 class=\"wp-block-heading\">Por Alex Rodrigues &#8211; Rep\u00f3rter da Ag\u00eancia Brasil &#8211; Bras\u00edlia<\/h4>\n\n\n\n<p>O defensor p\u00fablico-geral federal, Daniel Macedo, acionou hoje (29) o Supremo Tribunal Federal (STF) para tentar centralizar o fornecimento e evitar a falta de oxig\u00eanio medicinal no pa\u00eds,&nbsp;<a href=\"https:\/\/agenciabrasil.ebc.com.br\/saude\/noticia\/2021-03\/anvisa-publica-na-internet-dados-sobre-disponibilidade-de-oxigenio\" target=\"_blank\" rel=\"noreferrer noopener\">devido \u00e0 alta demanda provocada pela pandemia da covid-19<\/a>.<img decoding=\"async\" src=\"https:\/\/agenciabrasil.ebc.com.br\/ebc.png?id=1405352&amp;o=node\"><img decoding=\"async\" src=\"https:\/\/agenciabrasil.ebc.com.br\/ebc.gif?id=1405352&amp;o=node\"><\/p>\n\n\n\n<p>Na a\u00e7\u00e3o, o chefe da Defensoria P\u00fablica da Uni\u00e3o (DPU) cita levantamento da Frente Nacional de Prefeitos (FNP), junto a 2,5 mil prefeituras, segundo o qual ao menos 78 munic\u00edpios se encontram na imin\u00eancia de ficar sem oxig\u00eanio. A situa\u00e7\u00e3o \u00e9 mais preocupante em estados do Acre, Amap\u00e1, Cear\u00e1, Mato Grosso,&nbsp;<a href=\"https:\/\/agenciabrasil.ebc.com.br\/saude\/noticia\/2021-03\/ministerio-da-saude-entrega-oxigenio-para-rio-grande-do-norte\" target=\"_blank\" rel=\"noreferrer noopener\">Rio Grande do Norte<\/a>&nbsp;e Rond\u00f4nia.<\/p>\n\n\n\n<p>Macedo argumenta que h\u00e1 uma \u201cexplos\u00e3o de demandas judiciais\u201d pelo pa\u00eds, em que estados e munic\u00edpios pedem \u00e0 Justi\u00e7a que obrigue empresas a entregarem determinadas quantidades do insumo hospitalar.<\/p>\n\n\n\n<p>Ele pede que o Supremo crie uma sala de situa\u00e7\u00e3o para concentrar as demandas e impedir que liminares (decis\u00f5es provis\u00f3rias) determinem a entrega do produto sem considerar a situa\u00e7\u00e3o da distribui\u00e7\u00e3o nacional.<\/p>\n\n\n\n<p>O defensor argumenta ainda que h\u00e1 hoje um conflito entre entes da federa\u00e7\u00e3o, que disputam um insumo escasso e de dif\u00edcil log\u00edstica de distribui\u00e7\u00e3o, e que por isso cabe ao STF a compet\u00eancia de concentrar a pol\u00edtica p\u00fablica de gest\u00e3o e distribui\u00e7\u00e3o de oxig\u00eanio medicinal no Brasil.<\/p>\n\n\n\n<p>Segundo a DPU, devem participar da sala de situa\u00e7\u00e3o representantes da Uni\u00e3o, de estados e munic\u00edpios e da Ag\u00eancia Nacional de Vigil\u00e2ncia Sanit\u00e1ria (Anvisa).<\/p>\n\n\n\n<h2 class=\"wp-block-heading\">Reuni\u00e3o<\/h2>\n\n\n\n<p>Na pe\u00e7a, o defensor p\u00fablico-geral cita ainda informa\u00e7\u00f5es oriundas de uma reuni\u00e3o que o Minist\u00e9rio P\u00fablico Federal (MPF) realizou na semana passada com representantes do Minist\u00e9rio da Sa\u00fade e da empresa White Martins, uma das principais produtoras de oxig\u00eanio hospitalar no pa\u00eds, para discutir o risco de desabastecimento em territ\u00f3rio nacional.<\/p>\n\n\n\n<p>Nessa reuni\u00e3o, a empresa reclamou de estar sendo alvo de decis\u00f5es judiciais que n\u00e3o consideram quest\u00f5es complexas de log\u00edstica. A pasta da Sa\u00fade, por sua vez, disse que est\u00e1 tomando medidas para evitar o desabastecimento, incluindo tratativas para aumento de produ\u00e7\u00e3o de cilindros e para a instala\u00e7\u00e3o de concentradores de oxig\u00eanio em diferentes localidades.<\/p>\n\n\n\n<p>Em uma outra a\u00e7\u00e3o j\u00e1 aberta sobre o assunto no Supremo, o minist\u00e9rio informou que ainda n\u00e3o existem informa\u00e7\u00f5es centralizadas a respeito do estoque e abastecimento do consumo de oxig\u00eanio no Brasil, e que a Anvisa est\u00e1 a cargo de coletar tais dados numa base central.<\/p>\n\n\n\n<p>Edi\u00e7\u00e3o: Fernando Fraga<\/p>\n","protected":false},"excerpt":{"rendered":"<p>Ao menos 78 munic\u00edpios se encontram na imin\u00eancia de ficar sem oxig\u00eanio Por Alex Rodrigues<\/p>\n","protected":false},"author":2,"featured_media":11984,"comment_status":"open","ping_status":"open","sticky":false,"template":"","format":"standard","meta":{"footnotes":""},"categories":[17],"tags":[],"class_list":["post-11983","post","type-post","status-publish","format-standard","has-post-thumbnail","hentry","category-outras-noticias"],"_links":{"self":[{"href":"https:\/\/tvc16.com\/portal\/wp-json\/wp\/v2\/posts\/11983","targetHints":{"allow":["GET"]}}],"collection":[{"href":"https:\/\/tvc16.com\/portal\/wp-json\/wp\/v2\/posts"}],"about":[{"href":"https:\/\/tvc16.com\/portal\/wp-json\/wp\/v2\/types\/post"}],"author":[{"embeddable":true,"href":"https:\/\/tvc16.com\/portal\/wp-json\/wp\/v2\/users\/2"}],"replies":[{"embeddable":true,"href":"https:\/\/tvc16.com\/portal\/wp-json\/wp\/v2\/comments?post=11983"}],"version-history":[{"count":1,"href":"https:\/\/tvc16.com\/portal\/wp-json\/wp\/v2\/posts\/11983\/revisions"}],"predecessor-version":[{"id":11985,"href":"https:\/\/tvc16.com\/portal\/wp-json\/wp\/v2\/posts\/11983\/revisions\/11985"}],"wp:featuredmedia":[{"embeddable":true,"href":"https:\/\/tvc16.com\/portal\/wp-json\/wp\/v2\/media\/11984"}],"wp:attachment":[{"href":"https:\/\/tvc16.com\/portal\/wp-json\/wp\/v2\/media?parent=11983"}],"wp:term":[{"taxonomy":"category","embeddable":true,"href":"https:\/\/tvc16.com\/portal\/wp-json\/wp\/v2\/categories?post=11983"},{"taxonomy":"post_tag","embeddable":true,"href":"https:\/\/tvc16.com\/portal\/wp-json\/wp\/v2\/tags?post=11983"}],"curies":[{"name":"wp","href":"https:\/\/api.w.org\/{rel}","templated":true}]}}