{"id":1199,"date":"2020-09-25T00:47:09","date_gmt":"2020-09-25T00:47:09","guid":{"rendered":"https:\/\/tvc16.com\/portal\/?p=1199"},"modified":"2020-09-25T00:47:09","modified_gmt":"2020-09-25T00:47:09","slug":"governador-em-exercicio-do-rj-participa-da-inauguracao-de-novas-instalacoes-na-policia-rodoviaria-federal","status":"publish","type":"post","link":"https:\/\/tvc16.com\/portal\/2020\/09\/25\/governador-em-exercicio-do-rj-participa-da-inauguracao-de-novas-instalacoes-na-policia-rodoviaria-federal\/","title":{"rendered":"Governador em exerc\u00edcio, do RJ, participa da inaugura\u00e7\u00e3o de novas instala\u00e7\u00f5es na Pol\u00edcia Rodovi\u00e1ria Federal"},"content":{"rendered":"\n<p><br><em>Tamb\u00e9m foi entregue Unidade Operacional, na Rodovia Presidente Dutra, para combater roubos de cargas, de ve\u00edculos e dentro dos \u00f4nibus<\/em><\/p>\n\n\n\n<p><br>O governador em exerc\u00edcio, Cl\u00e1udio Castro, participou nesta quinta-feira (24\/9), ao lado do presidente Jair Bolsonaro, da inaugura\u00e7\u00e3o da nova infraestrutura da Superintend\u00eancia da Pol\u00edcia Rodovi\u00e1ria Federal (PRF), no bairro de Vig\u00e1rio Geral, na Zona Norte do Rio de Janeiro. Al\u00e9m de inaugurar novas instala\u00e7\u00f5es, como o N\u00facleo de Opera\u00e7\u00f5es Especiais, a Unidade de Opera\u00e7\u00f5es com C\u00e3es e o centro de treinamento, o Governo Federal entregou mais de 100 fuzis e dezenas de viaturas blindadas para a institui\u00e7\u00e3o.<\/p>\n\n\n\n<p>Assumindo o compromisso de ajudar no desenvolvimento do Rio, Bolsonaro tamb\u00e9m anunciou a entrega da Unidade Operacional (UOP) Rio de Janeiro, na Rodovia Presidente Dutra, no bairro da Pavuna, ponto estrat\u00e9gico para diminuir roubos de cargas, de ve\u00edculos e dentro dos \u00f4nibus.<\/p>\n\n\n\n<p>Em sua fala, Cl\u00e1udio Castro destacou a import\u00e2ncia no investimento na Seguran\u00e7a P\u00fablica, pois desta forma \u00e9 poss\u00edvel gerar resultados positivos em todos os setores do estado.<\/p>\n\n\n\n<p>\u2013 Agrade\u00e7o essa decis\u00e3o do Governo Federal de investir na \u00e1rea de seguran\u00e7a. Aprimorando a infraestrutura, o trabalho da PRF ser\u00e1 sentido por cada um que mora no estado do Rio, por aqueles que passam pelas nossas estradas, e vai gerar impactos positivos tamb\u00e9m no com\u00e9rcio e na ind\u00fastria. Agrade\u00e7o tamb\u00e9m a PRF pela parceria que tem tido com a PM, Pol\u00edcia Civil, Corpo de Bombeiros e Secretaria de Administra\u00e7\u00e3o Penitenci\u00e1ria, pois \u00e9 assim que vamos construir um estado melhor para todos \u2013 disse.<\/p>\n\n\n\n<p>O superintendente da Pol\u00edcia Rodovi\u00e1ria Federal no Rio, Silvinei Vasques, destacou a redu\u00e7\u00e3o do \u00edndice de mortes nas rodovias e o empenho das equipes na atua\u00e7\u00e3o contra o crime organizado.<\/p>\n\n\n\n<p>\u2013 Desde janeiro deste ano, o \u00edndice de mortes nas rodovias federais do estado caiu e este ano foi registrado o menor n\u00famero de mortes no carnaval, da \u00faltima d\u00e9cada. Desde janeiro de 2019, prendemos mais de cinco mil criminosos no estado, recuperamos mais de 1.200 ve\u00edculos roubados e apreendemos 34 toneladas de maconha no territ\u00f3rio fluminense \u2013 afirmou.<\/p>\n\n\n\n<p>Tamb\u00e9m participaram do evento o Diretor Geral da PRF, Eduardo Aggio; o Secret\u00e1rio Nacional de Seguran\u00e7a P\u00fablica, Carlos Renato Machado Paim; o Secret\u00e1rio de Estado da Pol\u00edcia Militar, coronel Rog\u00e9rio Figueiredo, al\u00e9m de parlamentares.<br><strong>Fotos:\u00a0<\/strong>\u00a0Rafael Campos\u00a0\u00a0<\/p>\n\n\n\n<figure class=\"wp-block-gallery columns-0 is-cropped wp-block-gallery-1 is-layout-flex wp-block-gallery-is-layout-flex\"><ul class=\"blocks-gallery-grid\"><\/ul><\/figure>\n","protected":false},"excerpt":{"rendered":"<p>Tamb\u00e9m foi entregue Unidade Operacional, na Rodovia Presidente Dutra, para combater roubos de cargas, de<\/p>\n","protected":false},"author":2,"featured_media":1200,"comment_status":"open","ping_status":"open","sticky":false,"template":"","format":"standard","meta":{"footnotes":""},"categories":[15],"tags":[],"class_list":["post-1199","post","type-post","status-publish","format-standard","has-post-thumbnail","hentry","category-politica"],"_links":{"self":[{"href":"https:\/\/tvc16.com\/portal\/wp-json\/wp\/v2\/posts\/1199","targetHints":{"allow":["GET"]}}],"collection":[{"href":"https:\/\/tvc16.com\/portal\/wp-json\/wp\/v2\/posts"}],"about":[{"href":"https:\/\/tvc16.com\/portal\/wp-json\/wp\/v2\/types\/post"}],"author":[{"embeddable":true,"href":"https:\/\/tvc16.com\/portal\/wp-json\/wp\/v2\/users\/2"}],"replies":[{"embeddable":true,"href":"https:\/\/tvc16.com\/portal\/wp-json\/wp\/v2\/comments?post=1199"}],"version-history":[{"count":1,"href":"https:\/\/tvc16.com\/portal\/wp-json\/wp\/v2\/posts\/1199\/revisions"}],"predecessor-version":[{"id":1202,"href":"https:\/\/tvc16.com\/portal\/wp-json\/wp\/v2\/posts\/1199\/revisions\/1202"}],"wp:featuredmedia":[{"embeddable":true,"href":"https:\/\/tvc16.com\/portal\/wp-json\/wp\/v2\/media\/1200"}],"wp:attachment":[{"href":"https:\/\/tvc16.com\/portal\/wp-json\/wp\/v2\/media?parent=1199"}],"wp:term":[{"taxonomy":"category","embeddable":true,"href":"https:\/\/tvc16.com\/portal\/wp-json\/wp\/v2\/categories?post=1199"},{"taxonomy":"post_tag","embeddable":true,"href":"https:\/\/tvc16.com\/portal\/wp-json\/wp\/v2\/tags?post=1199"}],"curies":[{"name":"wp","href":"https:\/\/api.w.org\/{rel}","templated":true}]}}