{"id":11990,"date":"2021-03-29T19:38:09","date_gmt":"2021-03-29T22:38:09","guid":{"rendered":"https:\/\/tvc16.com\/portal\/?p=11990"},"modified":"2021-03-29T19:38:12","modified_gmt":"2021-03-29T22:38:12","slug":"solsticio-do-som-sera-on-line","status":"publish","type":"post","link":"https:\/\/tvc16.com\/portal\/2021\/03\/29\/solsticio-do-som-sera-on-line\/","title":{"rendered":"Solst\u00edcio do Som ser\u00e1 on-line"},"content":{"rendered":"\n<p>O Solst\u00edcio do Som, iniciativa multicultural que caminha para a sua 22\u00aa edi\u00e7\u00e3o neste ano, tem muito a comemorar em mar\u00e7o. No \u00faltimo dia 22, um de seus idealizadores, o produtor cultural Jo\u00e3o Felipe Verleun, esteve na sede do Instituto Municipal de Cultura (IMC), para receber das m\u00e3os do diretor-presidente do mesmo, Leandro Kronemberger, a estatueta referente ao Pr\u00eamio Cultural Maestro Guerra-Peixe, edi\u00e7\u00e3o referente a 2020, onde, devido \u00e0 pandemia, os premiados foram artistas, eventos ou iniciativas que tivessem mais de 10 anos de trajet\u00f3ria de sucesso.<\/p>\n\n\n\n<p>O segundo motivo de \u00e9 que, no mesmo dia, em reuni\u00e3o entre as partes, o Instituto Municipal de Cultura, atrav\u00e9s de seu diretor-presidente, assumiu o compromisso de fornecer apoio \u00e0 realiza\u00e7\u00e3o da 22\u00aa edi\u00e7\u00e3o, que ser\u00e1 totalmente on-line, mas com centenas de participantes n\u00e3o somente do Brasil, mas de brasileiros e estrangeiros que reverberam com o esp\u00edrito do festival.<\/p>\n\n\n\n<p>\u201cA Cultura \u00e9 um dos caminhos mais ricos para as discuss\u00f5es sociais e Petr\u00f3polis vem mostrando, principalmente neste momento de enorme dificuldade para o artista, o quanto a cena cultural \u00e9 criativa, capacitada, talentosa e merecedora de todo o respeito pelo Poder P\u00fablico. Quero parabenizar o Solst\u00edcio do Som pela notoriedade do Pr\u00eamio Guerra-Peixe, mas ainda mais, pelo coletivo estar na 22\u00aa edi\u00e7\u00e3o, mostrando maturidade, profissionalismo e amor pela arte\u201d, completa o prefeito interino Hingo Hammes.<\/p>\n\n\n\n<p>O Solst\u00edcio do Som, iniciativa reconhecidamente democr\u00e1tica e agregadora, possui uma trajet\u00f3ria de sucesso e reverbera gratid\u00e3o por todos que dele j\u00e1 participaram em muitas de suas edi\u00e7\u00f5es. &#8220;Logo ap\u00f3s sermos agraciados com o segundo trof\u00e9u do Pr\u00eamio Guerra Peixe, o reconhecimento da atual gest\u00e3o do IMC ao Solst\u00edcio do Som, que completou 10 anos, visa contemplar dezenas de artistas, profissionais e f\u00e3s da cultura original petropolitana. O principal diferencial do Solst\u00edcio em rela\u00e7\u00e3o aos demais eventos on-line \u00e9 que ele \u00e9 essencialmente ao vivo, o que traz uma atmosfera especial pra quem produz e pra quem acompanha. Ter o apoio da Prefeitura de Petr\u00f3polis \u00e9 uma enorme responsabilidade e estamos prontos para o desafio de entregar uma edi\u00e7\u00e3o memor\u00e1vel&#8221;, afirmou Jo\u00e3o Felipe Verleun.<\/p>\n\n\n\n<p>O evento ainda traz duas eternas homenagens, uma com a Galeria Michael Lennertz de artes visuais, com apoio do Coletivo Avanda, e com o palco virtual Bira Rasta, artistas que se foram, mas, em vida, foram totalmente presentes na hist\u00f3ria da festa.<\/p>\n\n\n\n<p>\u201cApoiar um projeto como o Solst\u00edcio do Som vai totalmente de encontro ao que acreditamos \u00e0 frente do Instituto Municipal de Cultura, que \u00e9 investir no fomento e na acessibilidade cultural, criando espa\u00e7os de expans\u00e3o das fronteiras culturais\u201d, explica Berg, diretor-presidente do IMC.<\/p>\n","protected":false},"excerpt":{"rendered":"<p>O Solst\u00edcio do Som, iniciativa multicultural que caminha para a sua 22\u00aa edi\u00e7\u00e3o neste ano,<\/p>\n","protected":false},"author":2,"featured_media":11991,"comment_status":"open","ping_status":"open","sticky":false,"template":"","format":"standard","meta":{"footnotes":""},"categories":[12],"tags":[],"class_list":["post-11990","post","type-post","status-publish","format-standard","has-post-thumbnail","hentry","category-cidade"],"_links":{"self":[{"href":"https:\/\/tvc16.com\/portal\/wp-json\/wp\/v2\/posts\/11990","targetHints":{"allow":["GET"]}}],"collection":[{"href":"https:\/\/tvc16.com\/portal\/wp-json\/wp\/v2\/posts"}],"about":[{"href":"https:\/\/tvc16.com\/portal\/wp-json\/wp\/v2\/types\/post"}],"author":[{"embeddable":true,"href":"https:\/\/tvc16.com\/portal\/wp-json\/wp\/v2\/users\/2"}],"replies":[{"embeddable":true,"href":"https:\/\/tvc16.com\/portal\/wp-json\/wp\/v2\/comments?post=11990"}],"version-history":[{"count":1,"href":"https:\/\/tvc16.com\/portal\/wp-json\/wp\/v2\/posts\/11990\/revisions"}],"predecessor-version":[{"id":11992,"href":"https:\/\/tvc16.com\/portal\/wp-json\/wp\/v2\/posts\/11990\/revisions\/11992"}],"wp:featuredmedia":[{"embeddable":true,"href":"https:\/\/tvc16.com\/portal\/wp-json\/wp\/v2\/media\/11991"}],"wp:attachment":[{"href":"https:\/\/tvc16.com\/portal\/wp-json\/wp\/v2\/media?parent=11990"}],"wp:term":[{"taxonomy":"category","embeddable":true,"href":"https:\/\/tvc16.com\/portal\/wp-json\/wp\/v2\/categories?post=11990"},{"taxonomy":"post_tag","embeddable":true,"href":"https:\/\/tvc16.com\/portal\/wp-json\/wp\/v2\/tags?post=11990"}],"curies":[{"name":"wp","href":"https:\/\/api.w.org\/{rel}","templated":true}]}}