{"id":11999,"date":"2021-03-29T19:44:25","date_gmt":"2021-03-29T22:44:25","guid":{"rendered":"https:\/\/tvc16.com\/portal\/?p=11999"},"modified":"2021-03-29T23:29:01","modified_gmt":"2021-03-30T02:29:01","slug":"petropolis-tem-novas-medidas-restritivas-para-tentar-conter-casos-de-covid-19","status":"publish","type":"post","link":"https:\/\/tvc16.com\/portal\/2021\/03\/29\/petropolis-tem-novas-medidas-restritivas-para-tentar-conter-casos-de-covid-19\/","title":{"rendered":"Petr\u00f3polis tem novas medidas restritivas para tentar conter casos de covid-19"},"content":{"rendered":"\n<p><em>Pacote de medidas emergenciais, anunciado ap\u00f3s reuni\u00e3o com representantes da \u00e1rea de sa\u00fade e empres\u00e1rios, pro\u00edbe a entrada de turistas e restringe ainda mais as atividades para reduzir a circula\u00e7\u00e3o de pessoas<\/em><\/p>\n\n\n\n<p>A Prefeitura de Petr\u00f3polis decretou nesta segunda-feira (29) um novo pacote de medidas emergenciais restritivas para tentar conter os casos de covid-19. Decreto municipal pro\u00edbe, a partir desta ter\u00e7a-feira (30) a entrada de turistas e visitantes e restringe ainda mais as atividades no Munic\u00edpio, na tentativa de reduzir a circula\u00e7\u00e3o de pessoas e desacelerar a taxa de cont\u00e1gio da doen\u00e7a. A a\u00e7\u00e3o visa preservar vidas, garantindo, ao mesmo tempo, o funcionamento da rede de sa\u00fade, que est\u00e1 chegando ao limite de sua capacidade.<\/p>\n\n\n\n<p>No decreto, v\u00e1lido at\u00e9 5 de abril, o governo suspende o atendimento presencial em bares, lanchonetes, restaurantes e similares, autorizando apenas os servi\u00e7os de delivery e take away. Cinemas, clubes sociais e esportivos e servi\u00e7os de lazer tamb\u00e9m est\u00e3o proibidos, assim como casas de festas, boates, pistas de dan\u00e7a, museus e pontos tur\u00edsticos p\u00fablicos ou privados. O texto tamb\u00e9m pro\u00edbe o funcionamento de \u00e1reas de recrea\u00e7\u00e3o infantil,  espa\u00e7os de lazer de meios de hospedagem e condom\u00ednios.<\/p>\n\n\n\n<p>O com\u00e9rcio vai permanecer fechado, com exce\u00e7\u00e3o de supermercados, latic\u00ednios, a\u00e7ougue, peixaria, com\u00e9rcio de g\u00eaneros aliment\u00edcios e bebidas, hortifrutigranjeiro, quitanda, padaria, confeitaria, loja de conveni\u00eancia, mercearia, mercado e armaz\u00e9m entre outros. Nos pontos de venda de alimentos autorizados a abrir, no entanto, n\u00e3o poder\u00e1 haver consumo no local. Tamb\u00e9m est\u00e3o exclu\u00eddas da proibi\u00e7\u00e3o atividades consideradas essenciais.<\/p>\n\n\n\n<p>\u201cA suspens\u00e3o das atividades \u00e9 uma medida pesada, mas necess\u00e1ria neste momento. A rede de sa\u00fade da cidade, tanto p\u00fablica quanto privada, est\u00e1 no limite da sua capacidade. N\u00e3o temos mais como esperar\u201d, frisou o prefeito interino Hingo Hammes, que se reuniu, durante a tarde, com representantes de hospitais privados, profissionais de sa\u00fade da rede municipal e empres\u00e1rios de diferentes setores. \u201cO momento exige uni\u00e3o de for\u00e7as\u201d, pediu.<\/p>\n\n\n\n<p>O secret\u00e1rio municipal de Sa\u00fade, Aloisio Barbosa da Silva Filho, lembrou que, para conter o avan\u00e7o da doen\u00e7a, \u00e9 preciso reduzir a circula\u00e7\u00e3o de pessoas. \u201cPedimos que as pessoas s\u00f3 saiam de casa se for extremamente necess\u00e1rio. E quem sair n\u00e3o pode esquecer: o uso da m\u00e1scara \u00e9 indispens\u00e1vel. As pessoas devem manter o distanciamento social e evitar de todas as formas as aglomera\u00e7\u00f5es\u201d, frisou.<\/p>\n\n\n\n<p>Dados da Secretaria de Sa\u00fade mostram que, hoje, Petr\u00f3polis bateu recorde de internados, somando as redes p\u00fablica e privada: 334 pessoas est\u00e3o internadas em leitos destinados a pacientes com covid-19. Destas, 148 est\u00e3o em leitos de UTI. \u201cTrabalhamos muito para ampliar o n\u00famero de leitos, mas vimos o n\u00famero de interna\u00e7\u00f5es crescer junto com esta amplia\u00e7\u00e3o da rede. Temos que atuar de maneira mais incisiva para frear a doen\u00e7a\u201d, lembrou o secret\u00e1rio de Sa\u00fade, acrescentando que o n\u00famero de atendimentos nos tr\u00eas pontos de apoio (Itaipava, Cascatinha e HMNSE), criados para atender pacientes com sintomas da doen\u00e7a, tamb\u00e9m aumentou. Foram 6.468 atendimentos s\u00f3 no m\u00eas de mar\u00e7o \u2013 800 deles apenas nos \u00faltimos tr\u00eas dias. O n\u00famero representa um aumento de 52% em rela\u00e7\u00e3o ao m\u00eas de janeiro.<\/p>\n\n\n\n<p><em>Especialistas e diretores de hospitais fazem apelo para que a popula\u00e7\u00e3o mantenha o isolamento<\/em><\/p>\n\n\n\n<p>O infectologista Jos\u00e9 Henrique Castrioto ressaltou a import\u00e2ncia das pessoas atenderem os apelos do governo municipal. \u201cSe as pessoas n\u00e3o ajudarem, a rede de sa\u00fade n\u00e3o vai suportar. As pessoas que precisarem de atendimento n\u00e3o v\u00e3o encontrar nem na rede p\u00fablica nem na rede privada. N\u00e3o \u00e9 hora de sair com os amigos. N\u00e3o \u00e9 hora de promover nem participar de festas. As pessoas precisam ficar em casa\u201d, pediu.<\/p>\n\n\n\n<p>Representando o Hospital Santa Teresa, Leonardo Menezes frisou a import\u00e2ncia da uni\u00e3o de for\u00e7as da sociedade para que a cidade consiga superar este momento dif\u00edcil. \u201c\u00c9 hora de pararmos. Precisamos de um freio. A situa\u00e7\u00e3o est\u00e1 se agravando. Hoje, ter leitos n\u00e3o significa que vamos salvar vidas\u201d, lamentou.<\/p>\n\n\n\n<p>Diretor-presidente da Unimed Petr\u00f3polis, Rafael Gomes de Castro deixou a reuni\u00e3o durante a tarde com uma palavra em mente: esperan\u00e7a. \u201cVer os diferentes setores da sociedade civil juntos, discutindo com o governo municipal medidas que garantam a preserva\u00e7\u00e3o de vidas e pensando tamb\u00e9m na situa\u00e7\u00e3o econ\u00f4mica, \u00e9, sim um sinal de esperan\u00e7a\u201d, afirmou.<\/p>\n\n\n\n<p>Diretor executivo do Hospital SMH \u2013 Benefic\u00eancia Portuguesa, Fernando Baena lembrou que este \u00e9 o pior momento da pandemia. \u201cOs hospitais est\u00e3o com a capacidade esgotada. N\u00e3o temos mais como esperar\u201d.<\/p>\n\n\n\n<p><em>Novas variantes<\/em><\/p>\n\n\n\n<p>Petr\u00f3polis registrou at\u00e9 o momento dois tipos de variantes do Sars-CoV-2: variantes do tipo P1 e P2. Foram tr\u00eas casos, confirmados ap\u00f3s an\u00e1lise de material selecionado por amostragem pela Fiocruz. Ap\u00f3s a notifica\u00e7\u00e3o, o setor de Epidemiologia fez imediatamente o levantamento de informa\u00e7\u00f5es junto as fam\u00edlias. Os casos foram identificados em irm\u00e3os g\u00eameos de 7 meses e em uma menina de 5 anos \u2013 as tr\u00eas crian\u00e7as n\u00e3o tiveram complica\u00e7\u00f5es, n\u00e3o precisaram de interna\u00e7\u00e3o e passam bem.<\/p>\n\n\n\n<p>No caso dos g\u00eameos, a fam\u00edlia relatou ter recebido a visita de um parente do estado de Minas Gerais, no in\u00edcio do m\u00eas de janeiro. Dias depois, um familiar que tem contato com as crian\u00e7as teve sintomas de Covid-19. As amostras confirmaram a variante P2. J\u00e1 no terceiro caso, da variante P1, uma menina de 5 anos apresentou sintomas em fevereiro. A menina est\u00e1 recuperada e passa bem.<\/p>\n\n\n\n<p><em>Vacina\u00e7\u00e3o<\/em><\/p>\n\n\n\n<p>A campanha de vacina\u00e7\u00e3o contra a covid-19 segue em andamento. Neste momento est\u00e3o sendo vacinados idosos com mais de 70 anos, profissionais de sa\u00fade e pessoas acamadas, que s\u00e3o imunizadas em casa. At\u00e9 ontem, mais de 24 mil pessoas tinham sido vacinadas na cidade.<\/p>\n","protected":false},"excerpt":{"rendered":"<p>Pacote de medidas emergenciais, anunciado ap\u00f3s reuni\u00e3o com representantes da \u00e1rea de sa\u00fade e empres\u00e1rios,<\/p>\n","protected":false},"author":2,"featured_media":12000,"comment_status":"open","ping_status":"open","sticky":false,"template":"","format":"standard","meta":{"footnotes":""},"categories":[12],"tags":[],"class_list":["post-11999","post","type-post","status-publish","format-standard","has-post-thumbnail","hentry","category-cidade"],"_links":{"self":[{"href":"https:\/\/tvc16.com\/portal\/wp-json\/wp\/v2\/posts\/11999","targetHints":{"allow":["GET"]}}],"collection":[{"href":"https:\/\/tvc16.com\/portal\/wp-json\/wp\/v2\/posts"}],"about":[{"href":"https:\/\/tvc16.com\/portal\/wp-json\/wp\/v2\/types\/post"}],"author":[{"embeddable":true,"href":"https:\/\/tvc16.com\/portal\/wp-json\/wp\/v2\/users\/2"}],"replies":[{"embeddable":true,"href":"https:\/\/tvc16.com\/portal\/wp-json\/wp\/v2\/comments?post=11999"}],"version-history":[{"count":2,"href":"https:\/\/tvc16.com\/portal\/wp-json\/wp\/v2\/posts\/11999\/revisions"}],"predecessor-version":[{"id":12013,"href":"https:\/\/tvc16.com\/portal\/wp-json\/wp\/v2\/posts\/11999\/revisions\/12013"}],"wp:featuredmedia":[{"embeddable":true,"href":"https:\/\/tvc16.com\/portal\/wp-json\/wp\/v2\/media\/12000"}],"wp:attachment":[{"href":"https:\/\/tvc16.com\/portal\/wp-json\/wp\/v2\/media?parent=11999"}],"wp:term":[{"taxonomy":"category","embeddable":true,"href":"https:\/\/tvc16.com\/portal\/wp-json\/wp\/v2\/categories?post=11999"},{"taxonomy":"post_tag","embeddable":true,"href":"https:\/\/tvc16.com\/portal\/wp-json\/wp\/v2\/tags?post=11999"}],"curies":[{"name":"wp","href":"https:\/\/api.w.org\/{rel}","templated":true}]}}