{"id":12002,"date":"2021-03-29T19:48:06","date_gmt":"2021-03-29T22:48:06","guid":{"rendered":"https:\/\/tvc16.com\/portal\/?p=12002"},"modified":"2021-03-29T19:48:08","modified_gmt":"2021-03-29T22:48:08","slug":"com-100-de-ocupacao-dos-leitos-de-uti-para-a-covid-19-a-direcao-do-hospital-smh-beneficencia-portuguesa-de-petropolis-classifica-o-atual-cenario-da-cidade-como-gravissimo","status":"publish","type":"post","link":"https:\/\/tvc16.com\/portal\/2021\/03\/29\/com-100-de-ocupacao-dos-leitos-de-uti-para-a-covid-19-a-direcao-do-hospital-smh-beneficencia-portuguesa-de-petropolis-classifica-o-atual-cenario-da-cidade-como-gravissimo\/","title":{"rendered":"Com 100% de ocupa\u00e7\u00e3o dos leitos de UTI para a Covid-19, a dire\u00e7\u00e3o do Hospital SMH &#8211; Benefic\u00eancia Portuguesa de Petr\u00f3polis classifica o atual cen\u00e1rio da cidade como grav\u00edssimo"},"content":{"rendered":"\n<p>O diretor executivo operacional do Hospital SMH, Fernando Baena, explica que \u201ca demanda por interna\u00e7\u00e3o cresce a cada dia e a faixa et\u00e1ria dos pacientes infectados inclui cada vez mais pessoas jovens. \u00c9 um perfil de paciente que demora mais a buscar atendimento m\u00e9dico, o que faz com que o quadro se agrave, levando ao aumento da necessidade e do tempo de perman\u00eancia nos leitos de UTI. Por consequ\u00eancia, a oferta de vagas diminui, torna a fila de espera ainda maior e reduz as perspectivas de abertura de novos leitos, como vinha sendo feito anteriormente\u201d.<\/p>\n\n\n\n<p>A orienta\u00e7\u00e3o \u00e9 para que a popula\u00e7\u00e3o n\u00e3o espere orienta\u00e7\u00f5es para tomar as atitudes corretas para frear o avan\u00e7o da pandemia.<\/p>\n\n\n\n<p>\u201cA popula\u00e7\u00e3o n\u00e3o deve esperar que o poder p\u00fablico ou qualquer autoridade diga o que se deve ou n\u00e3o fazer. A \u00fanica alternativa agora \u00e9 ficar em casa. N\u00e3o \u00e9 sair para comprar roupa, para comer e muito menos para beber ou malhar. O aceit\u00e1vel no momento \u00e9 apenas ir ao m\u00e9dico, ao hospital ou \u00e0 farm\u00e1cia. Essa \u00e9 a atitude a ser tomada por aqueles que n\u00e3o querem dar adeus a conhecidos ou familiares, ou ainda perder a pr\u00f3pria vida\u201d, pontua o diretor executivo do Hospital SMH &#8211; Benefic\u00eancia Portuguesa de Petr\u00f3polis.<\/p>\n","protected":false},"excerpt":{"rendered":"<p>O diretor executivo operacional do Hospital SMH, Fernando Baena, explica que \u201ca demanda por interna\u00e7\u00e3o<\/p>\n","protected":false},"author":2,"featured_media":12003,"comment_status":"open","ping_status":"open","sticky":false,"template":"","format":"standard","meta":{"footnotes":""},"categories":[12],"tags":[],"class_list":["post-12002","post","type-post","status-publish","format-standard","has-post-thumbnail","hentry","category-cidade"],"_links":{"self":[{"href":"https:\/\/tvc16.com\/portal\/wp-json\/wp\/v2\/posts\/12002","targetHints":{"allow":["GET"]}}],"collection":[{"href":"https:\/\/tvc16.com\/portal\/wp-json\/wp\/v2\/posts"}],"about":[{"href":"https:\/\/tvc16.com\/portal\/wp-json\/wp\/v2\/types\/post"}],"author":[{"embeddable":true,"href":"https:\/\/tvc16.com\/portal\/wp-json\/wp\/v2\/users\/2"}],"replies":[{"embeddable":true,"href":"https:\/\/tvc16.com\/portal\/wp-json\/wp\/v2\/comments?post=12002"}],"version-history":[{"count":1,"href":"https:\/\/tvc16.com\/portal\/wp-json\/wp\/v2\/posts\/12002\/revisions"}],"predecessor-version":[{"id":12004,"href":"https:\/\/tvc16.com\/portal\/wp-json\/wp\/v2\/posts\/12002\/revisions\/12004"}],"wp:featuredmedia":[{"embeddable":true,"href":"https:\/\/tvc16.com\/portal\/wp-json\/wp\/v2\/media\/12003"}],"wp:attachment":[{"href":"https:\/\/tvc16.com\/portal\/wp-json\/wp\/v2\/media?parent=12002"}],"wp:term":[{"taxonomy":"category","embeddable":true,"href":"https:\/\/tvc16.com\/portal\/wp-json\/wp\/v2\/categories?post=12002"},{"taxonomy":"post_tag","embeddable":true,"href":"https:\/\/tvc16.com\/portal\/wp-json\/wp\/v2\/tags?post=12002"}],"curies":[{"name":"wp","href":"https:\/\/api.w.org\/{rel}","templated":true}]}}