{"id":12014,"date":"2021-03-30T10:52:27","date_gmt":"2021-03-30T13:52:27","guid":{"rendered":"https:\/\/tvc16.com\/portal\/?p=12014"},"modified":"2021-03-30T10:52:30","modified_gmt":"2021-03-30T13:52:30","slug":"vale-das-videiras-recebe-3-mil-mudas-da-mata-atlantica","status":"publish","type":"post","link":"https:\/\/tvc16.com\/portal\/2021\/03\/30\/vale-das-videiras-recebe-3-mil-mudas-da-mata-atlantica\/","title":{"rendered":"Vale das Videiras recebe 3 mil mudas da Mata Atl\u00e2ntica"},"content":{"rendered":"\n<p>A Concer plantou 3 mil mudas de esp\u00e9cies nativas da Mata Atl\u00e2ntica em uma \u00e1rea degradada do Vale das Videiras, em Petr\u00f3polis (RJ), como parte de um projeto de restaura\u00e7\u00e3o florestal. A a\u00e7\u00e3o ocorre em uma \u00e1rea de quase 2 hectares situada entre as serras do Fac\u00e3o e das Araras, considerada estrat\u00e9gica para a conserva\u00e7\u00e3o das reservas biol\u00f3gicas de Araras e do Tingu\u00e1. <\/p>\n\n\n\n<p>Ao todo, a regi\u00e3o receber\u00e1 cerca de 3,5 mil mudas de 85 esp\u00e9cies, entre angico-torto, tamboril, pau-formiga e ip\u00ea-verde. O plantio compensa a\u00e7\u00f5es de supress\u00e3o vegetal que a concess\u00e3o precisa realizar para garantir a seguran\u00e7a vi\u00e1ria da BR-040 e foi articulada em conjunto com o escrit\u00f3rio da \u00c1rea de Prote\u00e7\u00e3o Ambiental de Petr\u00f3polis e Associa\u00e7\u00e3o de Moradores do Vale das Videiras.<\/p>\n","protected":false},"excerpt":{"rendered":"<p>A Concer plantou 3 mil mudas de esp\u00e9cies nativas da Mata Atl\u00e2ntica em uma \u00e1rea<\/p>\n","protected":false},"author":2,"featured_media":12015,"comment_status":"open","ping_status":"open","sticky":false,"template":"","format":"standard","meta":{"footnotes":""},"categories":[12],"tags":[],"class_list":["post-12014","post","type-post","status-publish","format-standard","has-post-thumbnail","hentry","category-cidade"],"_links":{"self":[{"href":"https:\/\/tvc16.com\/portal\/wp-json\/wp\/v2\/posts\/12014","targetHints":{"allow":["GET"]}}],"collection":[{"href":"https:\/\/tvc16.com\/portal\/wp-json\/wp\/v2\/posts"}],"about":[{"href":"https:\/\/tvc16.com\/portal\/wp-json\/wp\/v2\/types\/post"}],"author":[{"embeddable":true,"href":"https:\/\/tvc16.com\/portal\/wp-json\/wp\/v2\/users\/2"}],"replies":[{"embeddable":true,"href":"https:\/\/tvc16.com\/portal\/wp-json\/wp\/v2\/comments?post=12014"}],"version-history":[{"count":1,"href":"https:\/\/tvc16.com\/portal\/wp-json\/wp\/v2\/posts\/12014\/revisions"}],"predecessor-version":[{"id":12016,"href":"https:\/\/tvc16.com\/portal\/wp-json\/wp\/v2\/posts\/12014\/revisions\/12016"}],"wp:featuredmedia":[{"embeddable":true,"href":"https:\/\/tvc16.com\/portal\/wp-json\/wp\/v2\/media\/12015"}],"wp:attachment":[{"href":"https:\/\/tvc16.com\/portal\/wp-json\/wp\/v2\/media?parent=12014"}],"wp:term":[{"taxonomy":"category","embeddable":true,"href":"https:\/\/tvc16.com\/portal\/wp-json\/wp\/v2\/categories?post=12014"},{"taxonomy":"post_tag","embeddable":true,"href":"https:\/\/tvc16.com\/portal\/wp-json\/wp\/v2\/tags?post=12014"}],"curies":[{"name":"wp","href":"https:\/\/api.w.org\/{rel}","templated":true}]}}