{"id":12017,"date":"2021-03-30T14:09:59","date_gmt":"2021-03-30T17:09:59","guid":{"rendered":"https:\/\/tvc16.com\/portal\/?p=12017"},"modified":"2021-03-30T14:12:50","modified_gmt":"2021-03-30T17:12:50","slug":"prefeitura-nega-que-tenha-agendado-hoje-reuniao-com-empresarios","status":"publish","type":"post","link":"https:\/\/tvc16.com\/portal\/2021\/03\/30\/prefeitura-nega-que-tenha-agendado-hoje-reuniao-com-empresarios\/","title":{"rendered":"Prefeitura nega que tenha agendado para hoje reuni\u00e3o com empres\u00e1rios"},"content":{"rendered":"\n<p><strong>N\u00famero de pessoas internadas com covid-19 bate recorde na cidade<\/strong><\/p>\n\n\n\n<p>A Prefeitura de Petr\u00f3polis informou que n\u00e3o h\u00e1 qualquer reuni\u00e3o agendada para as 15h nesta ter\u00e7a-feira (30), para discutir as medidas restritivas no munic\u00edpio, em fun\u00e7\u00e3o das a\u00e7\u00f5es de enfrentamento \u00e0 covid-19.<\/p>\n\n\n\n<p><br>O munic\u00edpio esclareceu ainda que as medidas foram amplamente discutidas antes do an\u00fancio do decreto municipal, na tarde de ontem (29), com representantes da sociedade civil organizada \u2013 incluindo CDL, Sicom\u00e9rcio, Mercoserra, Associa\u00e7\u00e3o de Lojistas da Rua Teresa (Arte), lojistas da 16 de Mar\u00e7o, Associa\u00e7\u00e3o Brasileira da Ind\u00fastria de Hot\u00e9is (ABIH), Petr\u00f3polis Convention &amp; Visitors Bureau (PC&amp;VB), Sindicato de Hot\u00e9is, Restaurantes Bares e Similares, al\u00e9m de equipes da \u00e1reas de sa\u00fade das redes p\u00fablica e privada.<\/p>\n\n\n\n<p><br>\u00c0 noite, outro grupo de empres\u00e1rios solicitou uma reuni\u00e3o, que n\u00e3o chegou a ter o hor\u00e1rio definido. A convoca\u00e7\u00e3o de uma manifesta\u00e7\u00e3o na hora em que supostamente haveria este encontro preocupa, especialmente neste momento, com agravamento da pandemia. O governo municipal reitera a disposi\u00e7\u00e3o de receber a comiss\u00e3o, mas frisa que o di\u00e1logo precisa ser mantido com a tranquilidade que o momento exige, de maneira respeitosa, na busca de entendimento e do bem comum.<\/p>\n\n\n\n<p><strong>Mais de 330 pessoas est\u00e3o internadas com covid-19 em Petr\u00f3polis<\/strong><\/p>\n\n\n\n<p><br>Ontem (29), o n\u00famero de pessoas internadas em leitos destinados \u00e0 covid-19 bateu recorde na cidade: 334 pessoas, sendo 148 em leitos de UTI. Al\u00e9m disso, os pontos de apoio montados para atendimento a pessoas com sintomas de covid-19 t\u00eam registrado aumento na procura. S\u00f3 no m\u00eas de mar\u00e7o, os tr\u00eas pontos de apoio montados pelo munic\u00edpio fizeram 6.468 atendimentos (at\u00e9 domingo, dia 28). Oitocentos foram registrados apenas de sexta-feira a domingo. O n\u00famero representa um aumento de 52% em rela\u00e7\u00e3o ao m\u00eas de janeiro.<\/p>\n","protected":false},"excerpt":{"rendered":"<p>N\u00famero de pessoas internadas com covid-19 bate recorde na cidade A Prefeitura de Petr\u00f3polis informou<\/p>\n","protected":false},"author":2,"featured_media":12018,"comment_status":"open","ping_status":"open","sticky":false,"template":"","format":"standard","meta":{"footnotes":""},"categories":[12],"tags":[],"class_list":["post-12017","post","type-post","status-publish","format-standard","has-post-thumbnail","hentry","category-cidade"],"_links":{"self":[{"href":"https:\/\/tvc16.com\/portal\/wp-json\/wp\/v2\/posts\/12017","targetHints":{"allow":["GET"]}}],"collection":[{"href":"https:\/\/tvc16.com\/portal\/wp-json\/wp\/v2\/posts"}],"about":[{"href":"https:\/\/tvc16.com\/portal\/wp-json\/wp\/v2\/types\/post"}],"author":[{"embeddable":true,"href":"https:\/\/tvc16.com\/portal\/wp-json\/wp\/v2\/users\/2"}],"replies":[{"embeddable":true,"href":"https:\/\/tvc16.com\/portal\/wp-json\/wp\/v2\/comments?post=12017"}],"version-history":[{"count":3,"href":"https:\/\/tvc16.com\/portal\/wp-json\/wp\/v2\/posts\/12017\/revisions"}],"predecessor-version":[{"id":12021,"href":"https:\/\/tvc16.com\/portal\/wp-json\/wp\/v2\/posts\/12017\/revisions\/12021"}],"wp:featuredmedia":[{"embeddable":true,"href":"https:\/\/tvc16.com\/portal\/wp-json\/wp\/v2\/media\/12018"}],"wp:attachment":[{"href":"https:\/\/tvc16.com\/portal\/wp-json\/wp\/v2\/media?parent=12017"}],"wp:term":[{"taxonomy":"category","embeddable":true,"href":"https:\/\/tvc16.com\/portal\/wp-json\/wp\/v2\/categories?post=12017"},{"taxonomy":"post_tag","embeddable":true,"href":"https:\/\/tvc16.com\/portal\/wp-json\/wp\/v2\/tags?post=12017"}],"curies":[{"name":"wp","href":"https:\/\/api.w.org\/{rel}","templated":true}]}}