{"id":12031,"date":"2021-03-30T17:14:12","date_gmt":"2021-03-30T20:14:12","guid":{"rendered":"https:\/\/tvc16.com\/portal\/?p=12031"},"modified":"2021-03-30T17:14:14","modified_gmt":"2021-03-30T20:14:14","slug":"ipea-projeta-crescimento-de-3-do-pib-em-2021","status":"publish","type":"post","link":"https:\/\/tvc16.com\/portal\/2021\/03\/30\/ipea-projeta-crescimento-de-3-do-pib-em-2021\/","title":{"rendered":"Ipea projeta crescimento de 3% do PIB em 2021"},"content":{"rendered":"\n<h3 class=\"wp-block-heading\">Para 2022, a proje\u00e7\u00e3o \u00e9 de crescimento de 2,8% do PIB<\/h3>\n\n\n\n<h4 class=\"wp-block-heading\">Por Ana Cristina Campos \u2013 Rep\u00f3rter da Ag\u00eancia Brasil &#8211; Rio de Janeiro<\/h4>\n\n\n\n<p>O Instituto de Pesquisa Econ\u00f4mica Aplicada (Ipea) divulgou hoje (30) que projeta crescimento de 3% do Produto Interno Bruto (PIB, soma de bens e servi\u00e7os produzidos no pa\u00eds) em 2021, com queda estimada de 0,5% no primeiro trimestre do ano, na compara\u00e7\u00e3o com ajuste sazonal.<img decoding=\"async\" src=\"https:\/\/agenciabrasil.ebc.com.br\/ebc.png?id=1405426&amp;o=node\"><img decoding=\"async\" src=\"https:\/\/agenciabrasil.ebc.com.br\/ebc.gif?id=1405426&amp;o=node\"><\/p>\n\n\n\n<p>\u201cAl\u00e9m do impacto da pandemia e do endurecimento das medidas de isolamento social por parte de governos estaduais e municipais sobre o ritmo da economia, as previs\u00f5es para 2021 tamb\u00e9m levam em conta as incertezas quanto \u00e0 capacidade de se promover os ajustes nas contas p\u00fablicas necess\u00e1rios para uma trajet\u00f3ria fiscal equilibrada\u201d, disse o Ipea.<\/p>\n\n\n\n<p>Segundo o estudo, outro fator de risco \u00e9 a acelera\u00e7\u00e3o inflacion\u00e1ria, refletindo a alta nos pre\u00e7os administrados acima do esperado no in\u00edcio deste ano e a desvaloriza\u00e7\u00e3o cambial, com impactos principalmente nos pre\u00e7os dos alimentos e dos bens industriais.<\/p>\n\n\n\n<p>A an\u00e1lise da conjuntura econ\u00f4mica brasileira tamb\u00e9m aponta que o segundo semestre do ano deve ser marcado pela retomada do crescimento do PIB e pelo aumento da confian\u00e7a de consumidores e empres\u00e1rios a partir do avan\u00e7o da cobertura vacinal contra a covid-19. \u201cAs hip\u00f3teses cruciais desse cen\u00e1rio s\u00e3o que as quest\u00f5es associadas \u00e0 pandemia j\u00e1 estejam sob controle e que seja poss\u00edvel conter as atuais incertezas fiscais\u201d, disse o instituto.<\/p>\n\n\n\n<p>Para 2022, a proje\u00e7\u00e3o \u00e9 de crescimento de 2,8% do PIB, em um cen\u00e1rio de manuten\u00e7\u00e3o da retomada da atividade econ\u00f4mica esperada para o segundo semestre deste ano. Embora o crescimento projetado para 2022 seja um pouco menor que o de 2021, o esfor\u00e7o de crescimento ao longo do ano que vem seria maior, pois a base de compara\u00e7\u00e3o &#8211; o PIB de 2021- \u00e9 significativamente maior, segundo o Ipea.<\/p>\n\n\n\n<p>O instituto espera que a atual trajet\u00f3ria de alta dos pre\u00e7os internacionais das commodities contribua positivamente para a retomada da economia brasileira, mas, ao mesmo tempo, essa alta pressiona a infla\u00e7\u00e3o. A estimativa do Ipea para o \u00cdndice de Pre\u00e7os ao Consumidor Amplo (IPCA) em 2021 \u00e9 de 4,6% de varia\u00e7\u00e3o. Para 2022, no contexto de uma pol\u00edtica monet\u00e1ria mais apertada e sob a hip\u00f3tese de que as atuais incertezas fiscais sejam controladas, o IPCA deve variar 3,4%.\u200b<\/p>\n\n\n\n<p>Edi\u00e7\u00e3o: Fernando Fraga<\/p>\n","protected":false},"excerpt":{"rendered":"<p>Para 2022, a proje\u00e7\u00e3o \u00e9 de crescimento de 2,8% do PIB Por Ana Cristina Campos<\/p>\n","protected":false},"author":2,"featured_media":12032,"comment_status":"open","ping_status":"open","sticky":false,"template":"","format":"standard","meta":{"footnotes":""},"categories":[17],"tags":[],"class_list":["post-12031","post","type-post","status-publish","format-standard","has-post-thumbnail","hentry","category-outras-noticias"],"_links":{"self":[{"href":"https:\/\/tvc16.com\/portal\/wp-json\/wp\/v2\/posts\/12031","targetHints":{"allow":["GET"]}}],"collection":[{"href":"https:\/\/tvc16.com\/portal\/wp-json\/wp\/v2\/posts"}],"about":[{"href":"https:\/\/tvc16.com\/portal\/wp-json\/wp\/v2\/types\/post"}],"author":[{"embeddable":true,"href":"https:\/\/tvc16.com\/portal\/wp-json\/wp\/v2\/users\/2"}],"replies":[{"embeddable":true,"href":"https:\/\/tvc16.com\/portal\/wp-json\/wp\/v2\/comments?post=12031"}],"version-history":[{"count":1,"href":"https:\/\/tvc16.com\/portal\/wp-json\/wp\/v2\/posts\/12031\/revisions"}],"predecessor-version":[{"id":12033,"href":"https:\/\/tvc16.com\/portal\/wp-json\/wp\/v2\/posts\/12031\/revisions\/12033"}],"wp:featuredmedia":[{"embeddable":true,"href":"https:\/\/tvc16.com\/portal\/wp-json\/wp\/v2\/media\/12032"}],"wp:attachment":[{"href":"https:\/\/tvc16.com\/portal\/wp-json\/wp\/v2\/media?parent=12031"}],"wp:term":[{"taxonomy":"category","embeddable":true,"href":"https:\/\/tvc16.com\/portal\/wp-json\/wp\/v2\/categories?post=12031"},{"taxonomy":"post_tag","embeddable":true,"href":"https:\/\/tvc16.com\/portal\/wp-json\/wp\/v2\/tags?post=12031"}],"curies":[{"name":"wp","href":"https:\/\/api.w.org\/{rel}","templated":true}]}}